{"id":4942,"date":"2025-03-04T00:43:38","date_gmt":"2025-03-04T10:43:38","guid":{"rendered":"https:\/\/www.sofleet.eu\/?p=4942"},"modified":"2025-06-18T22:32:43","modified_gmt":"2025-06-19T08:32:43","slug":"bareme-kilometrique-2025-ce-qui-change-ou-pas","status":"publish","type":"post","link":"https:\/\/www.sofleet.eu\/es\/noticias\/escala-de-kilometraje-2025-que-cambia-o-no-2\/","title":{"rendered":"Escala de kilometraje 2025: \u00a1qu\u00e9 cambia (o no)!"},"content":{"rendered":"<p>Gestionar los gastos de kilometraje es fundamental para empresas y aut\u00f3nomos. Cada a\u00f1o, las tarifas cambian en funci\u00f3n de la inflaci\u00f3n, el coste de la energ\u00eda y las tendencias del mercado automovil\u00edstico.<\/p>\n\n\n\n<p>Recientemente, el IRS (Internal Revenue Service), la administraci\u00f3n tributaria estadounidense, public\u00f3 las tarifas de reembolso de kilometraje aplicables para 2025. Si bien este anuncio concierne a Estados Unidos, es un recordatorio de que el seguimiento de los costos de los veh\u00edculos es un tema internacional y que es esencial adaptar la gesti\u00f3n de su flota en consecuencia.<\/p>\n\n\n\n<figure class=\"wp-block-image size-full has-custom-border\"><img fetchpriority=\"high\" decoding=\"async\" width=\"1000\" height=\"667\" src=\"https:\/\/www.sofleet.eu\/wp-content\/uploads\/2025\/03\/2150163673.jpg\" alt=\"Escala de kilometraje 2025\" class=\"wp-image-4944\" style=\"border-radius:15px\" srcset=\"https:\/\/www.sofleet.eu\/wp-content\/uploads\/2025\/03\/2150163673.jpg 1000w, https:\/\/www.sofleet.eu\/wp-content\/uploads\/2025\/03\/2150163673-300x200.jpg 300w, https:\/\/www.sofleet.eu\/wp-content\/uploads\/2025\/03\/2150163673-768x512.jpg 768w, https:\/\/www.sofleet.eu\/wp-content\/uploads\/2025\/03\/2150163673-18x12.jpg 18w\" sizes=\"(max-width: 1000px) 100vw, 1000px\" \/><\/figure>\n\n\n\n<h2 class=\"wp-block-heading\">\u00bfQu\u00e9 pasa con la escala de kilometraje en Francia?<\/h2>\n\n\n\n<p>Por el momento, la URSSAF no ha publicado a\u00fan la escala de kilometraje para el a\u00f1o 2025. Deber\u00eda revelarse en primavera. Mientras tanto, el tipo de 2024 sigue vigente, sin ning\u00fan incremento respecto al de 2023.<\/p>\n\n\n\n<h3 class=\"wp-block-heading\">Lo que necesita saber sobre los cargos por kilometraje en Francia:<\/h3>\n\n\n\n<ul class=\"wp-block-list\">\n<li>La <strong>deducci\u00f3n de los costes reales<\/strong> Se aplica a trabajadores por cuenta ajena y aut\u00f3noma (coches, motos, scooters).<\/li>\n\n\n\n<li>El c\u00e1lculo se basa en la potencia imponible del veh\u00edculo y la <strong>distancia recorrida<\/strong>.<\/li>\n\n\n\n<li>Los reembolsos est\u00e1n exentos de cotizaciones a la seguridad social si se ajustan a la escala URSSAF*.<\/li>\n\n\n\n<li>Se aplica un incremento del 20 % para el <strong>veh\u00edculos el\u00e9ctricos<\/strong>.<\/li>\n\n\n\n<li>La escala cubre la <strong>costos de combustible<\/strong>, <strong>mantenimiento y seguro<\/strong>.<\/li>\n<\/ul>\n\n\n\n<h3 class=\"wp-block-heading\">\u00bfPor qu\u00e9 es esto importante para los administradores de flotas?<\/h3>\n\n\n\n<p>La optimizaci\u00f3n de costos requiere un riguroso seguimiento de los viajes. Con la volatilidad de los precios de la energ\u00eda y el aumento de los costos de los veh\u00edculos, es crucial contar con una soluci\u00f3n adecuada para gestionar eficazmente los reembolsos de kilometraje. Para lograrlo, los gestores de flotas, o &quot;Gerentes de Movilidad&quot;, se equipan con... <a href=\"https:\/\/www.sofleet.eu\/es\/noticias\/todo-sobre-la-gestion-de-flotas\/\">Soluci\u00f3n para la gesti\u00f3n optimizada de flotas<\/a>.<\/p>\n\n\n\n<h3 class=\"wp-block-heading\">\u00bfC\u00f3mo controlar y optimizar mejor sus gastos de kilometraje?<\/h3>\n\n\n\n<ol class=\"wp-block-list\">\n<li><strong>Automatizar la recopilaci\u00f3n de datos<\/strong> :Soluciones como <strong>SoFLOTA <\/strong>permitir que los viajes se integren autom\u00e1ticamente, evitando as\u00ed errores y omisiones.<\/li>\n\n\n\n<li><strong>Analizando las tendencias de consumo<\/strong> :Al realizar un seguimiento de los gastos de combustible y mantenimiento, los gerentes pueden predecir y optimizar mejor sus costos.<\/li>\n\n\n\n<li><strong>Adoptar una pol\u00edtica de movilidad sostenible<\/strong> :Fomentar el uso de veh\u00edculos el\u00e9ctricos o h\u00edbridos puede proporcionar beneficios fiscales y reducir la huella de carbono.<\/li>\n\n\n\n<li><strong>Concienciaci\u00f3n de los conductores<\/strong> :La conducci\u00f3n eco-responsable ayuda a reducir el consumo de combustible y el desgaste del veh\u00edculo.<\/li>\n<\/ol>\n\n\n\n<figure class=\"wp-block-image size-full is-resized has-custom-border\"><img decoding=\"async\" width=\"600\" height=\"450\" src=\"https:\/\/www.sofleet.eu\/wp-content\/uploads\/2025\/03\/2702-Km-SoFLEET-1.png\" alt=\"Escala de kilometraje 2025\" class=\"wp-image-4943\" style=\"border-radius:15px;width:798px;height:auto\" srcset=\"https:\/\/www.sofleet.eu\/wp-content\/uploads\/2025\/03\/2702-Km-SoFLEET-1.png 600w, https:\/\/www.sofleet.eu\/wp-content\/uploads\/2025\/03\/2702-Km-SoFLEET-1-300x225.png 300w, https:\/\/www.sofleet.eu\/wp-content\/uploads\/2025\/03\/2702-Km-SoFLEET-1-16x12.png 16w\" sizes=\"(max-width: 600px) 100vw, 600px\" \/><\/figure>\n\n\n\n<h2 class=\"wp-block-heading\">El impacto de las nuevas formas de movilidad en las escalas de kilometraje<\/h2>\n\n\n\n<p>Con el auge de los veh\u00edculos el\u00e9ctricos y las nuevas soluciones de movilidad (coche compartido, coche compartido, etc.), las tarifas por kilometraje evolucionar\u00e1n, especialmente con la ecologizaci\u00f3n de las flotas de veh\u00edculos. Las empresas deben estar atentas a las actualizaciones regulatorias y anticiparse a estos cambios para optimizar la gesti\u00f3n de sus flotas.<\/p>\n\n\n\n<p>*Ver el <a href=\"https:\/\/www.urssaf.fr\/accueil\/outils-documentation\/taux-baremes\/indemnites-kilometriques.html\">Escala URSAFF<\/a> gastos de kilometraje.<\/p>\n\n\n\n<p><\/p>","protected":false},"excerpt":{"rendered":"<p>Gestionar los gastos de kilometraje es fundamental para empresas y aut\u00f3nomos. Cada a\u00f1o, las tarifas cambian en funci\u00f3n de la inflaci\u00f3n, el coste de la energ\u00eda y las tendencias del mercado automovil\u00edstico. Recientemente, el IRS (Servicio de Impuestos Internos), la agencia tributaria estadounidense, public\u00f3 las tarifas de reembolso por kilometraje para 2025. Si bien este anuncio [\u2026]<\/p>","protected":false},"author":4,"featured_media":4944,"comment_status":"open","ping_status":"open","sticky":false,"template":"","format":"standard","meta":{"_acf_changed":false,"_eb_attr":"","footnotes":""},"categories":[5,23],"tags":[],"class_list":["post-4942","post","type-post","status-publish","format-standard","has-post-thumbnail","hentry","category-actualite","category-gestion-de-flotte"],"acf":[],"yoast_head":"<!-- This site is optimized with the Yoast SEO plugin v23.1 - https:\/\/yoast.com\/wordpress\/plugins\/seo\/ -->\n<title>Bar\u00e8me kilom\u00e9trique 2025 : ce qui change (ou pas) !<\/title>\n<meta name=\"description\" content=\"D\u00e9couvrez ce qui change pour le bar\u00e8me kilom\u00e9trique en 2025 et comment les gestionnaires de flotte s&#039;adaptent dans leur m\u00e9tier.\" \/>\n<meta name=\"robots\" content=\"index, follow, max-snippet:-1, max-image-preview:large, max-video-preview:-1\" \/>\n<link rel=\"canonical\" href=\"https:\/\/www.sofleet.eu\/es\/noticias\/escala-de-kilometraje-2025-que-cambia-o-no-2\/\" \/>\n<meta property=\"og:locale\" content=\"es_ES\" \/>\n<meta property=\"og:type\" content=\"article\" \/>\n<meta property=\"og:title\" content=\"Bar\u00e8me kilom\u00e9trique 2025 : ce qui change (ou pas) !\" \/>\n<meta property=\"og:description\" content=\"D\u00e9couvrez ce qui change pour le bar\u00e8me kilom\u00e9trique en 2025 et comment les gestionnaires de flotte s&#039;adaptent dans leur m\u00e9tier.\" \/>\n<meta property=\"og:url\" content=\"https:\/\/www.sofleet.eu\/es\/noticias\/escala-de-kilometraje-2025-que-cambia-o-no-2\/\" \/>\n<meta property=\"og:site_name\" content=\"SoFLEET\" \/>\n<meta property=\"article:published_time\" content=\"2025-03-04T10:43:38+00:00\" \/>\n<meta property=\"article:modified_time\" content=\"2025-06-19T08:32:43+00:00\" \/>\n<meta property=\"og:image\" content=\"https:\/\/www.sofleet.eu\/wp-content\/uploads\/2025\/03\/2150163673.jpg\" \/>\n\t<meta property=\"og:image:width\" content=\"1000\" \/>\n\t<meta property=\"og:image:height\" content=\"667\" \/>\n\t<meta property=\"og:image:type\" content=\"image\/jpeg\" \/>\n<meta name=\"author\" content=\"Oc\u00e9ane Mourisard\" \/>\n<meta name=\"twitter:card\" content=\"summary_large_image\" \/>\n<meta name=\"twitter:label1\" content=\"Escrito por\" \/>\n\t<meta name=\"twitter:data1\" content=\"Oc\u00e9ane Mourisard\" \/>\n\t<meta name=\"twitter:label2\" content=\"Tiempo de lectura\" \/>\n\t<meta name=\"twitter:data2\" content=\"3 minutos\" \/>\n<script type=\"application\/ld+json\" class=\"yoast-schema-graph\">{\"@context\":\"https:\/\/schema.org\",\"@graph\":[{\"@type\":\"Article\",\"@id\":\"https:\/\/www.sofleet.eu\/actualite\/bareme-kilometrique-2025-ce-qui-change-ou-pas\/#article\",\"isPartOf\":{\"@id\":\"https:\/\/www.sofleet.eu\/actualite\/bareme-kilometrique-2025-ce-qui-change-ou-pas\/\"},\"author\":{\"name\":\"Oc\u00e9ane Mourisard\",\"@id\":\"https:\/\/www.sofleet.eu\/#\/schema\/person\/f910c9edeabf6b0d03c5836c163e470b\"},\"headline\":\"Bar\u00e8me kilom\u00e9trique 2025 : ce qui change (ou pas) !\",\"datePublished\":\"2025-03-04T10:43:38+00:00\",\"dateModified\":\"2025-06-19T08:32:43+00:00\",\"mainEntityOfPage\":{\"@id\":\"https:\/\/www.sofleet.eu\/actualite\/bareme-kilometrique-2025-ce-qui-change-ou-pas\/\"},\"wordCount\":495,\"commentCount\":0,\"publisher\":{\"@id\":\"https:\/\/www.sofleet.eu\/#organization\"},\"image\":{\"@id\":\"https:\/\/www.sofleet.eu\/actualite\/bareme-kilometrique-2025-ce-qui-change-ou-pas\/#primaryimage\"},\"thumbnailUrl\":\"https:\/\/www.sofleet.eu\/wp-content\/uploads\/2025\/03\/2150163673.jpg\",\"articleSection\":[\"Actualit\u00e9\",\"Gestion de flotte\"],\"inLanguage\":\"es\",\"potentialAction\":[{\"@type\":\"CommentAction\",\"name\":\"Comment\",\"target\":[\"https:\/\/www.sofleet.eu\/actualite\/bareme-kilometrique-2025-ce-qui-change-ou-pas\/#respond\"]}]},{\"@type\":\"WebPage\",\"@id\":\"https:\/\/www.sofleet.eu\/actualite\/bareme-kilometrique-2025-ce-qui-change-ou-pas\/\",\"url\":\"https:\/\/www.sofleet.eu\/actualite\/bareme-kilometrique-2025-ce-qui-change-ou-pas\/\",\"name\":\"Bar\u00e8me kilom\u00e9trique 2025 : ce qui change (ou pas) !\",\"isPartOf\":{\"@id\":\"https:\/\/www.sofleet.eu\/#website\"},\"primaryImageOfPage\":{\"@id\":\"https:\/\/www.sofleet.eu\/actualite\/bareme-kilometrique-2025-ce-qui-change-ou-pas\/#primaryimage\"},\"image\":{\"@id\":\"https:\/\/www.sofleet.eu\/actualite\/bareme-kilometrique-2025-ce-qui-change-ou-pas\/#primaryimage\"},\"thumbnailUrl\":\"https:\/\/www.sofleet.eu\/wp-content\/uploads\/2025\/03\/2150163673.jpg\",\"datePublished\":\"2025-03-04T10:43:38+00:00\",\"dateModified\":\"2025-06-19T08:32:43+00:00\",\"description\":\"D\u00e9couvrez ce qui change pour le bar\u00e8me kilom\u00e9trique en 2025 et comment les gestionnaires de flotte s'adaptent dans leur m\u00e9tier.\",\"breadcrumb\":{\"@id\":\"https:\/\/www.sofleet.eu\/actualite\/bareme-kilometrique-2025-ce-qui-change-ou-pas\/#breadcrumb\"},\"inLanguage\":\"es\",\"potentialAction\":[{\"@type\":\"ReadAction\",\"target\":[\"https:\/\/www.sofleet.eu\/actualite\/bareme-kilometrique-2025-ce-qui-change-ou-pas\/\"]}]},{\"@type\":\"ImageObject\",\"inLanguage\":\"es\",\"@id\":\"https:\/\/www.sofleet.eu\/actualite\/bareme-kilometrique-2025-ce-qui-change-ou-pas\/#primaryimage\",\"url\":\"https:\/\/www.sofleet.eu\/wp-content\/uploads\/2025\/03\/2150163673.jpg\",\"contentUrl\":\"https:\/\/www.sofleet.eu\/wp-content\/uploads\/2025\/03\/2150163673.jpg\",\"width\":1000,\"height\":667,\"caption\":\"bareme kilom\u00e9trique\"},{\"@type\":\"BreadcrumbList\",\"@id\":\"https:\/\/www.sofleet.eu\/actualite\/bareme-kilometrique-2025-ce-qui-change-ou-pas\/#breadcrumb\",\"itemListElement\":[{\"@type\":\"ListItem\",\"position\":1,\"name\":\"Accueil\",\"item\":\"https:\/\/www.sofleet.eu\/\"},{\"@type\":\"ListItem\",\"position\":2,\"name\":\"Actualit\u00e9\",\"item\":\"https:\/\/www.sofleet.eu\/category\/actualite\/\"},{\"@type\":\"ListItem\",\"position\":3,\"name\":\"Bar\u00e8me kilom\u00e9trique 2025 : ce qui change (ou pas) !\"}]},{\"@type\":\"WebSite\",\"@id\":\"https:\/\/www.sofleet.eu\/#website\",\"url\":\"https:\/\/www.sofleet.eu\/\",\"name\":\"SoFLEET\",\"description\":\"\u00c9coconduite &amp; gestion de flotte automobile\",\"publisher\":{\"@id\":\"https:\/\/www.sofleet.eu\/#organization\"},\"potentialAction\":[{\"@type\":\"SearchAction\",\"target\":{\"@type\":\"EntryPoint\",\"urlTemplate\":\"https:\/\/www.sofleet.eu\/?s={search_term_string}\"},\"query-input\":\"required name=search_term_string\"}],\"inLanguage\":\"es\"},{\"@type\":\"Organization\",\"@id\":\"https:\/\/www.sofleet.eu\/#organization\",\"name\":\"SoFLEET\",\"url\":\"https:\/\/www.sofleet.eu\/\",\"logo\":{\"@type\":\"ImageObject\",\"inLanguage\":\"es\",\"@id\":\"https:\/\/www.sofleet.eu\/#\/schema\/logo\/image\/\",\"url\":\"https:\/\/www.sofleet.eu\/wp-content\/uploads\/2024\/06\/so-fleet-wpcf_453x200.png\",\"contentUrl\":\"https:\/\/www.sofleet.eu\/wp-content\/uploads\/2024\/06\/so-fleet-wpcf_453x200.png\",\"width\":453,\"height\":200,\"caption\":\"SoFLEET\"},\"image\":{\"@id\":\"https:\/\/www.sofleet.eu\/#\/schema\/logo\/image\/\"}},{\"@type\":\"Person\",\"@id\":\"https:\/\/www.sofleet.eu\/#\/schema\/person\/f910c9edeabf6b0d03c5836c163e470b\",\"name\":\"Oc\u00e9ane Mourisard\",\"image\":{\"@type\":\"ImageObject\",\"inLanguage\":\"es\",\"@id\":\"https:\/\/www.sofleet.eu\/#\/schema\/person\/image\/\",\"url\":\"https:\/\/secure.gravatar.com\/avatar\/607aa16a37ee56685296c13d21ee1628319dcdb444b4185a8b1297aec89134f7?s=96&d=mm&r=g\",\"contentUrl\":\"https:\/\/secure.gravatar.com\/avatar\/607aa16a37ee56685296c13d21ee1628319dcdb444b4185a8b1297aec89134f7?s=96&d=mm&r=g\",\"caption\":\"Oc\u00e9ane Mourisard\"},\"url\":\"https:\/\/www.sofleet.eu\/es\/author\/omourisard-sofleet\/\"}]}<\/script>\n<!-- \/ Yoast SEO plugin. -->","yoast_head_json":{"title":"Escala de kilometraje 2025: \u00a1qu\u00e9 cambia (o no)!","description":"Descubra qu\u00e9 est\u00e1 cambiando la escala de kilometraje en 2025 y c\u00f3mo los administradores de flotas est\u00e1n adaptando su profesi\u00f3n.","robots":{"index":"index","follow":"follow","max-snippet":"max-snippet:-1","max-image-preview":"max-image-preview:large","max-video-preview":"max-video-preview:-1"},"canonical":"https:\/\/www.sofleet.eu\/es\/noticias\/escala-de-kilometraje-2025-que-cambia-o-no-2\/","og_locale":"es_ES","og_type":"article","og_title":"Bar\u00e8me kilom\u00e9trique 2025 : ce qui change (ou pas) !","og_description":"D\u00e9couvrez ce qui change pour le bar\u00e8me kilom\u00e9trique en 2025 et comment les gestionnaires de flotte s'adaptent dans leur m\u00e9tier.","og_url":"https:\/\/www.sofleet.eu\/es\/noticias\/escala-de-kilometraje-2025-que-cambia-o-no-2\/","og_site_name":"SoFLEET","article_published_time":"2025-03-04T10:43:38+00:00","article_modified_time":"2025-06-19T08:32:43+00:00","og_image":[{"width":1000,"height":667,"url":"https:\/\/www.sofleet.eu\/wp-content\/uploads\/2025\/03\/2150163673.jpg","type":"image\/jpeg"}],"author":"Oc\u00e9ane Mourisard","twitter_card":"summary_large_image","twitter_misc":{"Escrito por":"Oc\u00e9ane Mourisard","Tiempo de lectura":"3 minutos"},"schema":{"@context":"https:\/\/schema.org","@graph":[{"@type":"Article","@id":"https:\/\/www.sofleet.eu\/actualite\/bareme-kilometrique-2025-ce-qui-change-ou-pas\/#article","isPartOf":{"@id":"https:\/\/www.sofleet.eu\/actualite\/bareme-kilometrique-2025-ce-qui-change-ou-pas\/"},"author":{"name":"Oc\u00e9ane Mourisard","@id":"https:\/\/www.sofleet.eu\/#\/schema\/person\/f910c9edeabf6b0d03c5836c163e470b"},"headline":"Bar\u00e8me kilom\u00e9trique 2025 : ce qui change (ou pas) !","datePublished":"2025-03-04T10:43:38+00:00","dateModified":"2025-06-19T08:32:43+00:00","mainEntityOfPage":{"@id":"https:\/\/www.sofleet.eu\/actualite\/bareme-kilometrique-2025-ce-qui-change-ou-pas\/"},"wordCount":495,"commentCount":0,"publisher":{"@id":"https:\/\/www.sofleet.eu\/#organization"},"image":{"@id":"https:\/\/www.sofleet.eu\/actualite\/bareme-kilometrique-2025-ce-qui-change-ou-pas\/#primaryimage"},"thumbnailUrl":"https:\/\/www.sofleet.eu\/wp-content\/uploads\/2025\/03\/2150163673.jpg","articleSection":["Actualit\u00e9","Gestion de flotte"],"inLanguage":"es","potentialAction":[{"@type":"CommentAction","name":"Comment","target":["https:\/\/www.sofleet.eu\/actualite\/bareme-kilometrique-2025-ce-qui-change-ou-pas\/#respond"]}]},{"@type":"WebPage","@id":"https:\/\/www.sofleet.eu\/actualite\/bareme-kilometrique-2025-ce-qui-change-ou-pas\/","url":"https:\/\/www.sofleet.eu\/actualite\/bareme-kilometrique-2025-ce-qui-change-ou-pas\/","name":"Escala de kilometraje 2025: \u00a1qu\u00e9 cambia (o no)!","isPartOf":{"@id":"https:\/\/www.sofleet.eu\/#website"},"primaryImageOfPage":{"@id":"https:\/\/www.sofleet.eu\/actualite\/bareme-kilometrique-2025-ce-qui-change-ou-pas\/#primaryimage"},"image":{"@id":"https:\/\/www.sofleet.eu\/actualite\/bareme-kilometrique-2025-ce-qui-change-ou-pas\/#primaryimage"},"thumbnailUrl":"https:\/\/www.sofleet.eu\/wp-content\/uploads\/2025\/03\/2150163673.jpg","datePublished":"2025-03-04T10:43:38+00:00","dateModified":"2025-06-19T08:32:43+00:00","description":"Descubra qu\u00e9 est\u00e1 cambiando la escala de kilometraje en 2025 y c\u00f3mo los administradores de flotas est\u00e1n adaptando su profesi\u00f3n.","breadcrumb":{"@id":"https:\/\/www.sofleet.eu\/actualite\/bareme-kilometrique-2025-ce-qui-change-ou-pas\/#breadcrumb"},"inLanguage":"es","potentialAction":[{"@type":"ReadAction","target":["https:\/\/www.sofleet.eu\/actualite\/bareme-kilometrique-2025-ce-qui-change-ou-pas\/"]}]},{"@type":"ImageObject","inLanguage":"es","@id":"https:\/\/www.sofleet.eu\/actualite\/bareme-kilometrique-2025-ce-qui-change-ou-pas\/#primaryimage","url":"https:\/\/www.sofleet.eu\/wp-content\/uploads\/2025\/03\/2150163673.jpg","contentUrl":"https:\/\/www.sofleet.eu\/wp-content\/uploads\/2025\/03\/2150163673.jpg","width":1000,"height":667,"caption":"bareme kilom\u00e9trique"},{"@type":"BreadcrumbList","@id":"https:\/\/www.sofleet.eu\/actualite\/bareme-kilometrique-2025-ce-qui-change-ou-pas\/#breadcrumb","itemListElement":[{"@type":"ListItem","position":1,"name":"Accueil","item":"https:\/\/www.sofleet.eu\/"},{"@type":"ListItem","position":2,"name":"Actualit\u00e9","item":"https:\/\/www.sofleet.eu\/category\/actualite\/"},{"@type":"ListItem","position":3,"name":"Bar\u00e8me kilom\u00e9trique 2025 : ce qui change (ou pas) !"}]},{"@type":"WebSite","@id":"https:\/\/www.sofleet.eu\/#website","url":"https:\/\/www.sofleet.eu\/","name":"SoFLOTA","description":"Conducci\u00f3n ecol\u00f3gica y gesti\u00f3n de flotas","publisher":{"@id":"https:\/\/www.sofleet.eu\/#organization"},"potentialAction":[{"@type":"SearchAction","target":{"@type":"EntryPoint","urlTemplate":"https:\/\/www.sofleet.eu\/?s={search_term_string}"},"query-input":"required name=search_term_string"}],"inLanguage":"es"},{"@type":"Organization","@id":"https:\/\/www.sofleet.eu\/#organization","name":"SoFLOTA","url":"https:\/\/www.sofleet.eu\/","logo":{"@type":"ImageObject","inLanguage":"es","@id":"https:\/\/www.sofleet.eu\/#\/schema\/logo\/image\/","url":"https:\/\/www.sofleet.eu\/wp-content\/uploads\/2024\/06\/so-fleet-wpcf_453x200.png","contentUrl":"https:\/\/www.sofleet.eu\/wp-content\/uploads\/2024\/06\/so-fleet-wpcf_453x200.png","width":453,"height":200,"caption":"SoFLEET"},"image":{"@id":"https:\/\/www.sofleet.eu\/#\/schema\/logo\/image\/"}},{"@type":"Person","@id":"https:\/\/www.sofleet.eu\/#\/schema\/person\/f910c9edeabf6b0d03c5836c163e470b","name":"Oc\u00e9ane Mourisard","image":{"@type":"ImageObject","inLanguage":"es","@id":"https:\/\/www.sofleet.eu\/#\/schema\/person\/image\/","url":"https:\/\/secure.gravatar.com\/avatar\/607aa16a37ee56685296c13d21ee1628319dcdb444b4185a8b1297aec89134f7?s=96&d=mm&r=g","contentUrl":"https:\/\/secure.gravatar.com\/avatar\/607aa16a37ee56685296c13d21ee1628319dcdb444b4185a8b1297aec89134f7?s=96&d=mm&r=g","caption":"Oc\u00e9ane Mourisard"},"url":"https:\/\/www.sofleet.eu\/es\/author\/omourisard-sofleet\/"}]}},"_links":{"self":[{"href":"https:\/\/www.sofleet.eu\/es\/wp-json\/wp\/v2\/posts\/4942","targetHints":{"allow":["GET"]}}],"collection":[{"href":"https:\/\/www.sofleet.eu\/es\/wp-json\/wp\/v2\/posts"}],"about":[{"href":"https:\/\/www.sofleet.eu\/es\/wp-json\/wp\/v2\/types\/post"}],"author":[{"embeddable":true,"href":"https:\/\/www.sofleet.eu\/es\/wp-json\/wp\/v2\/users\/4"}],"replies":[{"embeddable":true,"href":"https:\/\/www.sofleet.eu\/es\/wp-json\/wp\/v2\/comments?post=4942"}],"version-history":[{"count":0,"href":"https:\/\/www.sofleet.eu\/es\/wp-json\/wp\/v2\/posts\/4942\/revisions"}],"wp:featuredmedia":[{"embeddable":true,"href":"https:\/\/www.sofleet.eu\/es\/wp-json\/wp\/v2\/media\/4944"}],"wp:attachment":[{"href":"https:\/\/www.sofleet.eu\/es\/wp-json\/wp\/v2\/media?parent=4942"}],"wp:term":[{"taxonomy":"category","embeddable":true,"href":"https:\/\/www.sofleet.eu\/es\/wp-json\/wp\/v2\/categories?post=4942"},{"taxonomy":"post_tag","embeddable":true,"href":"https:\/\/www.sofleet.eu\/es\/wp-json\/wp\/v2\/tags?post=4942"}],"curies":[{"name":"gracias","href":"https:\/\/api.w.org\/{rel}","templated":true}]}}