{"id":4974,"date":"2025-03-26T04:04:52","date_gmt":"2025-03-26T14:04:52","guid":{"rendered":"https:\/\/www.sofleet.eu\/?p=4974"},"modified":"2025-06-18T22:46:34","modified_gmt":"2025-06-19T08:46:34","slug":"gestion-trajets-pro-perso","status":"publish","type":"post","link":"https:\/\/www.sofleet.eu\/es\/geolocalisation\/gestion-de-viajes-personales-y-profesionales\/","title":{"rendered":"\u00bfC\u00f3mo simplificar la gesti\u00f3n de viajes de negocios\/personales?"},"content":{"rendered":"<h2 class=\"wp-block-heading\">\u00bfPor qu\u00e9 es esencial distinguir entre trayectoria profesional y trayectoria personal?<\/h2>\n\n\n\n<p>Tanto para las empresas como para los empleados, <strong>Distinguir entre viajes de negocios y viajes personales<\/strong> (o gesti\u00f3n de desplazamientos profesionales\/personales) es una obligaci\u00f3n regulatoria, fiscal y social.<\/p>\n\n\n\n<p>De hecho, la utilizaci\u00f3n de un veh\u00edculo profesional para fines personales constituye una prestaci\u00f3n en especie (PNE) sujeta al pago de cotizaciones a la seguridad social y al impuesto sobre la renta.<\/p>\n\n\n\n<p>Sin una gesti\u00f3n adecuada de esta distinci\u00f3n, la empresa est\u00e1 expuesta a un ajuste fiscal en caso de una auditor\u00eda de la URSSAF o a una liquidaci\u00f3n a tanto alzado desfavorable para el trabajador.<\/p>\n\n\n\n<figure class=\"wp-block-image size-full has-custom-border\"><img fetchpriority=\"high\" decoding=\"async\" width=\"1000\" height=\"667\" src=\"https:\/\/www.sofleet.eu\/wp-content\/uploads\/2025\/03\/2148384962.jpg\" alt=\"Gesti\u00f3n de viajes de negocios\/personales para un veh\u00edculo profesional, asignado por el administrador de la flota\" class=\"wp-image-4975\" style=\"border-radius:15px\" srcset=\"https:\/\/www.sofleet.eu\/wp-content\/uploads\/2025\/03\/2148384962.jpg 1000w, https:\/\/www.sofleet.eu\/wp-content\/uploads\/2025\/03\/2148384962-300x200.jpg 300w, https:\/\/www.sofleet.eu\/wp-content\/uploads\/2025\/03\/2148384962-768x512.jpg 768w, https:\/\/www.sofleet.eu\/wp-content\/uploads\/2025\/03\/2148384962-18x12.jpg 18w\" sizes=\"(max-width: 1000px) 100vw, 1000px\" \/><\/figure>\n\n\n\n<h3 class=\"wp-block-heading\">SoFLEET, la herramienta de referencia para la gesti\u00f3n de viajes de negocios y personales<\/h3>\n\n\n\n<p>Con SoFLEET, los conductores tienen una aplicaci\u00f3n m\u00f3vil intuitiva que simplifica la vida diaria y <a href=\"https:\/\/www.sofleet.eu\/es\/geolocalisation\/cumplimiento-del-rgpd-para-vehiculos-conectados\/\">garantizar el cumplimiento <\/a>usos.<\/p>\n\n\n\n<p><strong>Esto es lo que pueden hacer con s\u00f3lo unos pocos clics:<\/strong><\/p>\n\n\n\n<ul class=\"wp-block-list\">\n<li>Cambie f\u00e1cilmente entre el modo profesional y personal para proteger su privacidad.<\/li>\n\n\n\n<li>Inicie una ruta hacia un punto de inter\u00e9s desde la aplicaci\u00f3n.<\/li>\n\n\n\n<li>Reporte un reclamo instant\u00e1neamente para recibir asistencia r\u00e1pida.<\/li>\n\n\n\n<li>Gestionar las reservas de veh\u00edculos de su flota seg\u00fan disponibilidad.<\/li>\n<\/ul>\n\n\n\n<p>En modo \u201cpersonal\u201d, la geolocalizaci\u00f3n del veh\u00edculo profesional est\u00e1 desactivada, garantizando el respeto a la privacidad y las obligaciones del RGPD.<\/p>\n\n\n\n<h3 class=\"wp-block-heading\">Lado del administrador de flota: ahorro de tiempo y cumplimiento<\/h3>\n\n\n\n<p><strong>La plataforma SoFLEET permite a los administradores:<\/strong><\/p>\n\n\n\n<ul class=\"wp-block-list\">\n<li>Agregar, editar o eliminar usuarios.<\/li>\n\n\n\n<li>Gestionar identificaciones de conductores y horarios de reservas.<\/li>\n\n\n\n<li>Configurar la flota de acuerdo a las normas internas de la empresa o las del servicio p\u00fablico territorial.<\/li>\n<\/ul>\n\n\n\n<h3 class=\"wp-block-heading\">Mejor gesti\u00f3n de las prestaciones en especie<\/h3>\n\n\n\n<p>En caso de uso mixto (profesional\/personal), SoFLEET ayuda a calcular con precisi\u00f3n el beneficio imponible en especie vinculado al uso personal de un veh\u00edculo de empresa.<\/p>\n\n\n\n<h4 class=\"wp-block-heading\"><strong>AEN: una reforma que debe entenderse en 2025<\/strong><\/h4>\n\n\n\n<p>Desde la actualizaci\u00f3n del Bolet\u00edn Oficial de la Seguridad Social (BOSS) en marzo de 2025, se ha realizado una importante aclaraci\u00f3n:<\/p>\n\n\n\n<p>Las nuevas tarifas planas de AEN se aplican no solo a las nuevas asignaciones de veh\u00edculos, sino tambi\u00e9n a las reasignaciones, siempre que hayan tenido lugar a partir del 1 de febrero de 2025.<\/p>\n\n\n\n<p>Esto significa que, incluso si un veh\u00edculo ya ha estado en circulaci\u00f3n durante varios a\u00f1os, una reasignaci\u00f3n a un nuevo empleado desencadena la aplicaci\u00f3n de la <a href=\"https:\/\/www.urssaf.fr\/accueil\/employeur\/beneficier-exonerations\/frais-professionnels.html\">nuevo r\u00e9gimen de AEN<\/a>, m\u00e1s estricta en ciertos casos.<\/p>\n\n\n\n<p><strong>Especificidad: veh\u00edculos el\u00e9ctricos y puntuaci\u00f3n ecol\u00f3gica<\/strong><\/p>\n\n\n\n<p>URSSAF tambi\u00e9n especifica que un veh\u00edculo el\u00e9ctrico que no sea elegible para la reducci\u00f3n AEN en el momento de su puesta a disposici\u00f3n no podr\u00e1 beneficiarse retroactivamente de esta reducci\u00f3n incluso si posteriormente obtiene una puntuaci\u00f3n ecol\u00f3gica favorable.<\/p>\n\n\n\n<p>Con SoFLEET, es posible mantener un historial de disponibilidad del veh\u00edculo para cada empleado, lo que evita cualquier confusi\u00f3n en caso de una inspecci\u00f3n.<\/p>\n\n\n\n<p><strong>Cosas a tener en cuenta para gestionar viajes de negocios\/personales:<\/strong><\/p>\n\n\n\n<ul class=\"wp-block-list\">\n<li>Para las cesiones realizadas antes del 1 de febrero de 2025 se aplica el r\u00e9gimen antiguo.<\/li>\n\n\n\n<li>La \u00fanica referencia reconocida es la fecha de asignaci\u00f3n del veh\u00edculo, definida por el acuerdo entre empleador y trabajadores.<\/li>\n\n\n\n<li>SoFLEET le permite archivar estas fechas y anticipar los impactos fiscales al renovar o cambiar veh\u00edculos.<\/li>\n<\/ul>\n\n\n\n<h4 class=\"wp-block-heading\">Dos m\u00e9todos de declaraci\u00f3n de impuestos:<\/h4>\n\n\n\n<ol class=\"wp-block-list\">\n<li><strong>Tarifa plana <\/strong>:una cantidad fija basada en el coste del veh\u00edculo.<\/li>\n\n\n\n<li><strong>En realidad <\/strong>:basado en kil\u00f3metros personales recorridos.<\/li>\n<\/ol>\n\n\n\n<p>En este segundo caso, SoFLEET se vuelve imprescindible para justificar los kil\u00f3metros profesionales y reducir la base imponible.<\/p>\n\n\n\n<p>Un control adecuado evita que la Administraci\u00f3n reclasifique determinados desplazamientos como viajes de negocios como personales, con el consiguiente impacto fiscal.<\/p>\n\n\n\n<figure class=\"wp-block-image size-full has-custom-border\"><img decoding=\"async\" width=\"1000\" height=\"516\" src=\"https:\/\/www.sofleet.eu\/wp-content\/uploads\/2025\/03\/2148906400.jpg\" alt=\"Gesti\u00f3n de viajes de negocios\/personales para el uso de veh\u00edculos personales con fines profesionales y gesti\u00f3n de gastos\" class=\"wp-image-4976\" style=\"border-radius:15px\" srcset=\"https:\/\/www.sofleet.eu\/wp-content\/uploads\/2025\/03\/2148906400.jpg 1000w, https:\/\/www.sofleet.eu\/wp-content\/uploads\/2025\/03\/2148906400-300x155.jpg 300w, https:\/\/www.sofleet.eu\/wp-content\/uploads\/2025\/03\/2148906400-768x396.jpg 768w, https:\/\/www.sofleet.eu\/wp-content\/uploads\/2025\/03\/2148906400-18x9.jpg 18w\" sizes=\"(max-width: 1000px) 100vw, 1000px\" \/><\/figure>\n\n\n\n<h3 class=\"wp-block-heading\">\u00bfY para el uso de veh\u00edculos particulares con fines profesionales?<\/h3>\n\n\n\n<p>Muchos empleados utilizan su veh\u00edculo personal para viajes de negocios. SoFLEET tambi\u00e9n permite rastrear y registrar estos viajes, lo que facilita el c\u00e1lculo de las asignaciones de kilometraje y el cumplimiento de las escalas impositivas.<\/p>\n\n\n\n<p><strong>SoFLEET es la soluci\u00f3n ideal para:<\/strong><\/p>\n\n\n\n<ul class=\"wp-block-list\">\n<li>Simplifique la gesti\u00f3n diaria de los veh\u00edculos de la flota<\/li>\n\n\n\n<li>Distinguir claramente entre usos profesionales y personales<\/li>\n\n\n\n<li>Protegiendo la privacidad de los empleados<\/li>\n\n\n\n<li>Optimizar la tributaci\u00f3n de las prestaciones en especie<\/li>\n\n\n\n<li>Cumplir con las obligaciones legales y las normas de transparencia<\/li>\n<\/ul>\n\n\n\n<p><\/p>\n\n\n\n<p><strong>\u00bfQuieres saber m\u00e1s sobre la gesti\u00f3n de viajes y geolocalizaci\u00f3n de veh\u00edculos profesionales?<\/strong> \u00a1P\u00f3ngase en contacto con nuestros equipos o pruebe SoFLEET gratis hoy mismo!<\/p>","protected":false},"excerpt":{"rendered":"<p>\u00bfPor qu\u00e9 es esencial distinguir entre trayectoria profesional y trayectoria personal? Tanto para las empresas como para los empleados, distinguir entre viajes de negocios y viajes personales (o gestionar viajes de negocios\/personales) es una obligaci\u00f3n regulatoria, fiscal y social. De hecho, la utilizaci\u00f3n de un veh\u00edculo profesional para fines personales constituye una prestaci\u00f3n en especie (PNE) [\u2026]<\/p>","protected":false},"author":4,"featured_media":4975,"comment_status":"open","ping_status":"open","sticky":false,"template":"","format":"standard","meta":{"_acf_changed":false,"_eb_attr":"","footnotes":""},"categories":[5,25],"tags":[],"class_list":["post-4974","post","type-post","status-publish","format-standard","has-post-thumbnail","hentry","category-actualite","category-geolocalisation"],"acf":[],"yoast_head":"<!-- This site is optimized with the Yoast SEO plugin v23.1 - https:\/\/yoast.com\/wordpress\/plugins\/seo\/ -->\n<title>Gestion des trajets pro\/perso pour les v\u00e9hicules d&#039;entreprise<\/title>\n<meta name=\"description\" content=\"D\u00e9couvrez comment simplifier la gestion des trajets pro\/perso avec SoFLEET et sa g\u00e9olocalisation de v\u00e9hicules professionnels.\" \/>\n<meta name=\"robots\" content=\"index, follow, max-snippet:-1, max-image-preview:large, max-video-preview:-1\" \/>\n<link rel=\"canonical\" href=\"https:\/\/www.sofleet.eu\/es\/geolocalisation\/gestion-de-viajes-personales-y-profesionales\/\" \/>\n<meta property=\"og:locale\" content=\"es_ES\" \/>\n<meta property=\"og:type\" content=\"article\" \/>\n<meta property=\"og:title\" content=\"Gestion des trajets pro\/perso pour les v\u00e9hicules d&#039;entreprise\" \/>\n<meta property=\"og:description\" content=\"D\u00e9couvrez comment simplifier la gestion des trajets pro\/perso avec SoFLEET et sa g\u00e9olocalisation de v\u00e9hicules professionnels.\" \/>\n<meta property=\"og:url\" content=\"https:\/\/www.sofleet.eu\/es\/geolocalisation\/gestion-de-viajes-personales-y-profesionales\/\" \/>\n<meta property=\"og:site_name\" content=\"SoFLEET\" \/>\n<meta property=\"article:published_time\" content=\"2025-03-26T14:04:52+00:00\" \/>\n<meta property=\"article:modified_time\" content=\"2025-06-19T08:46:34+00:00\" \/>\n<meta property=\"og:image\" content=\"https:\/\/www.sofleet.eu\/wp-content\/uploads\/2025\/03\/2148384962.jpg\" \/>\n\t<meta property=\"og:image:width\" content=\"1000\" \/>\n\t<meta property=\"og:image:height\" content=\"667\" \/>\n\t<meta property=\"og:image:type\" content=\"image\/jpeg\" \/>\n<meta name=\"author\" content=\"Oc\u00e9ane Mourisard\" \/>\n<meta name=\"twitter:card\" content=\"summary_large_image\" \/>\n<meta name=\"twitter:label1\" content=\"Escrito por\" \/>\n\t<meta name=\"twitter:data1\" content=\"Oc\u00e9ane Mourisard\" \/>\n\t<meta name=\"twitter:label2\" content=\"Tiempo de lectura\" \/>\n\t<meta name=\"twitter:data2\" content=\"4 minutos\" \/>\n<script type=\"application\/ld+json\" class=\"yoast-schema-graph\">{\"@context\":\"https:\/\/schema.org\",\"@graph\":[{\"@type\":\"Article\",\"@id\":\"https:\/\/www.sofleet.eu\/geolocalisation\/gestion-trajets-pro-perso\/#article\",\"isPartOf\":{\"@id\":\"https:\/\/www.sofleet.eu\/geolocalisation\/gestion-trajets-pro-perso\/\"},\"author\":{\"name\":\"Oc\u00e9ane Mourisard\",\"@id\":\"https:\/\/www.sofleet.eu\/#\/schema\/person\/f910c9edeabf6b0d03c5836c163e470b\"},\"headline\":\"Comment simplifier la gestion des trajets pro\/perso ?\",\"datePublished\":\"2025-03-26T14:04:52+00:00\",\"dateModified\":\"2025-06-19T08:46:34+00:00\",\"mainEntityOfPage\":{\"@id\":\"https:\/\/www.sofleet.eu\/geolocalisation\/gestion-trajets-pro-perso\/\"},\"wordCount\":762,\"commentCount\":0,\"publisher\":{\"@id\":\"https:\/\/www.sofleet.eu\/#organization\"},\"image\":{\"@id\":\"https:\/\/www.sofleet.eu\/geolocalisation\/gestion-trajets-pro-perso\/#primaryimage\"},\"thumbnailUrl\":\"https:\/\/www.sofleet.eu\/wp-content\/uploads\/2025\/03\/2148384962.jpg\",\"articleSection\":[\"Actualit\u00e9\",\"G\u00e9olocalisation\"],\"inLanguage\":\"es\",\"potentialAction\":[{\"@type\":\"CommentAction\",\"name\":\"Comment\",\"target\":[\"https:\/\/www.sofleet.eu\/geolocalisation\/gestion-trajets-pro-perso\/#respond\"]}]},{\"@type\":\"WebPage\",\"@id\":\"https:\/\/www.sofleet.eu\/geolocalisation\/gestion-trajets-pro-perso\/\",\"url\":\"https:\/\/www.sofleet.eu\/geolocalisation\/gestion-trajets-pro-perso\/\",\"name\":\"Gestion des trajets pro\/perso pour les v\u00e9hicules d'entreprise\",\"isPartOf\":{\"@id\":\"https:\/\/www.sofleet.eu\/#website\"},\"primaryImageOfPage\":{\"@id\":\"https:\/\/www.sofleet.eu\/geolocalisation\/gestion-trajets-pro-perso\/#primaryimage\"},\"image\":{\"@id\":\"https:\/\/www.sofleet.eu\/geolocalisation\/gestion-trajets-pro-perso\/#primaryimage\"},\"thumbnailUrl\":\"https:\/\/www.sofleet.eu\/wp-content\/uploads\/2025\/03\/2148384962.jpg\",\"datePublished\":\"2025-03-26T14:04:52+00:00\",\"dateModified\":\"2025-06-19T08:46:34+00:00\",\"description\":\"D\u00e9couvrez comment simplifier la gestion des trajets pro\/perso avec SoFLEET et sa g\u00e9olocalisation de v\u00e9hicules professionnels.\",\"breadcrumb\":{\"@id\":\"https:\/\/www.sofleet.eu\/geolocalisation\/gestion-trajets-pro-perso\/#breadcrumb\"},\"inLanguage\":\"es\",\"potentialAction\":[{\"@type\":\"ReadAction\",\"target\":[\"https:\/\/www.sofleet.eu\/geolocalisation\/gestion-trajets-pro-perso\/\"]}]},{\"@type\":\"ImageObject\",\"inLanguage\":\"es\",\"@id\":\"https:\/\/www.sofleet.eu\/geolocalisation\/gestion-trajets-pro-perso\/#primaryimage\",\"url\":\"https:\/\/www.sofleet.eu\/wp-content\/uploads\/2025\/03\/2148384962.jpg\",\"contentUrl\":\"https:\/\/www.sofleet.eu\/wp-content\/uploads\/2025\/03\/2148384962.jpg\",\"width\":1000,\"height\":667,\"caption\":\"g\u00e9olocalisation trajet perso\"},{\"@type\":\"BreadcrumbList\",\"@id\":\"https:\/\/www.sofleet.eu\/geolocalisation\/gestion-trajets-pro-perso\/#breadcrumb\",\"itemListElement\":[{\"@type\":\"ListItem\",\"position\":1,\"name\":\"Accueil\",\"item\":\"https:\/\/www.sofleet.eu\/\"},{\"@type\":\"ListItem\",\"position\":2,\"name\":\"G\u00e9olocalisation\",\"item\":\"https:\/\/www.sofleet.eu\/pt\/category\/geolocalisation\/\"},{\"@type\":\"ListItem\",\"position\":3,\"name\":\"Comment simplifier la gestion des trajets pro\/perso ?\"}]},{\"@type\":\"WebSite\",\"@id\":\"https:\/\/www.sofleet.eu\/#website\",\"url\":\"https:\/\/www.sofleet.eu\/\",\"name\":\"SoFLEET\",\"description\":\"\u00c9coconduite &amp; gestion de flotte automobile\",\"publisher\":{\"@id\":\"https:\/\/www.sofleet.eu\/#organization\"},\"potentialAction\":[{\"@type\":\"SearchAction\",\"target\":{\"@type\":\"EntryPoint\",\"urlTemplate\":\"https:\/\/www.sofleet.eu\/?s={search_term_string}\"},\"query-input\":\"required name=search_term_string\"}],\"inLanguage\":\"es\"},{\"@type\":\"Organization\",\"@id\":\"https:\/\/www.sofleet.eu\/#organization\",\"name\":\"SoFLEET\",\"url\":\"https:\/\/www.sofleet.eu\/\",\"logo\":{\"@type\":\"ImageObject\",\"inLanguage\":\"es\",\"@id\":\"https:\/\/www.sofleet.eu\/#\/schema\/logo\/image\/\",\"url\":\"https:\/\/www.sofleet.eu\/wp-content\/uploads\/2024\/06\/so-fleet-wpcf_453x200.png\",\"contentUrl\":\"https:\/\/www.sofleet.eu\/wp-content\/uploads\/2024\/06\/so-fleet-wpcf_453x200.png\",\"width\":453,\"height\":200,\"caption\":\"SoFLEET\"},\"image\":{\"@id\":\"https:\/\/www.sofleet.eu\/#\/schema\/logo\/image\/\"}},{\"@type\":\"Person\",\"@id\":\"https:\/\/www.sofleet.eu\/#\/schema\/person\/f910c9edeabf6b0d03c5836c163e470b\",\"name\":\"Oc\u00e9ane Mourisard\",\"image\":{\"@type\":\"ImageObject\",\"inLanguage\":\"es\",\"@id\":\"https:\/\/www.sofleet.eu\/#\/schema\/person\/image\/\",\"url\":\"https:\/\/secure.gravatar.com\/avatar\/607aa16a37ee56685296c13d21ee1628319dcdb444b4185a8b1297aec89134f7?s=96&d=mm&r=g\",\"contentUrl\":\"https:\/\/secure.gravatar.com\/avatar\/607aa16a37ee56685296c13d21ee1628319dcdb444b4185a8b1297aec89134f7?s=96&d=mm&r=g\",\"caption\":\"Oc\u00e9ane Mourisard\"},\"url\":\"https:\/\/www.sofleet.eu\/es\/author\/omourisard-sofleet\/\"}]}<\/script>\n<!-- \/ Yoast SEO plugin. -->","yoast_head_json":{"title":"Gesti\u00f3n de viajes de negocios\/personales para veh\u00edculos de empresa","description":"Descubra c\u00f3mo simplificar la gesti\u00f3n de desplazamientos profesionales\/personales con SoFLEET y su geolocalizaci\u00f3n de veh\u00edculos profesionales.","robots":{"index":"index","follow":"follow","max-snippet":"max-snippet:-1","max-image-preview":"max-image-preview:large","max-video-preview":"max-video-preview:-1"},"canonical":"https:\/\/www.sofleet.eu\/es\/geolocalisation\/gestion-de-viajes-personales-y-profesionales\/","og_locale":"es_ES","og_type":"article","og_title":"Gestion des trajets pro\/perso pour les v\u00e9hicules d'entreprise","og_description":"D\u00e9couvrez comment simplifier la gestion des trajets pro\/perso avec SoFLEET et sa g\u00e9olocalisation de v\u00e9hicules professionnels.","og_url":"https:\/\/www.sofleet.eu\/es\/geolocalisation\/gestion-de-viajes-personales-y-profesionales\/","og_site_name":"SoFLEET","article_published_time":"2025-03-26T14:04:52+00:00","article_modified_time":"2025-06-19T08:46:34+00:00","og_image":[{"width":1000,"height":667,"url":"https:\/\/www.sofleet.eu\/wp-content\/uploads\/2025\/03\/2148384962.jpg","type":"image\/jpeg"}],"author":"Oc\u00e9ane Mourisard","twitter_card":"summary_large_image","twitter_misc":{"Escrito por":"Oc\u00e9ane Mourisard","Tiempo de lectura":"4 minutos"},"schema":{"@context":"https:\/\/schema.org","@graph":[{"@type":"Article","@id":"https:\/\/www.sofleet.eu\/geolocalisation\/gestion-trajets-pro-perso\/#article","isPartOf":{"@id":"https:\/\/www.sofleet.eu\/geolocalisation\/gestion-trajets-pro-perso\/"},"author":{"name":"Oc\u00e9ane Mourisard","@id":"https:\/\/www.sofleet.eu\/#\/schema\/person\/f910c9edeabf6b0d03c5836c163e470b"},"headline":"Comment simplifier la gestion des trajets pro\/perso ?","datePublished":"2025-03-26T14:04:52+00:00","dateModified":"2025-06-19T08:46:34+00:00","mainEntityOfPage":{"@id":"https:\/\/www.sofleet.eu\/geolocalisation\/gestion-trajets-pro-perso\/"},"wordCount":762,"commentCount":0,"publisher":{"@id":"https:\/\/www.sofleet.eu\/#organization"},"image":{"@id":"https:\/\/www.sofleet.eu\/geolocalisation\/gestion-trajets-pro-perso\/#primaryimage"},"thumbnailUrl":"https:\/\/www.sofleet.eu\/wp-content\/uploads\/2025\/03\/2148384962.jpg","articleSection":["Actualit\u00e9","G\u00e9olocalisation"],"inLanguage":"es","potentialAction":[{"@type":"CommentAction","name":"Comment","target":["https:\/\/www.sofleet.eu\/geolocalisation\/gestion-trajets-pro-perso\/#respond"]}]},{"@type":"WebPage","@id":"https:\/\/www.sofleet.eu\/geolocalisation\/gestion-trajets-pro-perso\/","url":"https:\/\/www.sofleet.eu\/geolocalisation\/gestion-trajets-pro-perso\/","name":"Gesti\u00f3n de viajes de negocios\/personales para veh\u00edculos de empresa","isPartOf":{"@id":"https:\/\/www.sofleet.eu\/#website"},"primaryImageOfPage":{"@id":"https:\/\/www.sofleet.eu\/geolocalisation\/gestion-trajets-pro-perso\/#primaryimage"},"image":{"@id":"https:\/\/www.sofleet.eu\/geolocalisation\/gestion-trajets-pro-perso\/#primaryimage"},"thumbnailUrl":"https:\/\/www.sofleet.eu\/wp-content\/uploads\/2025\/03\/2148384962.jpg","datePublished":"2025-03-26T14:04:52+00:00","dateModified":"2025-06-19T08:46:34+00:00","description":"Descubra c\u00f3mo simplificar la gesti\u00f3n de desplazamientos profesionales\/personales con SoFLEET y su geolocalizaci\u00f3n de veh\u00edculos profesionales.","breadcrumb":{"@id":"https:\/\/www.sofleet.eu\/geolocalisation\/gestion-trajets-pro-perso\/#breadcrumb"},"inLanguage":"es","potentialAction":[{"@type":"ReadAction","target":["https:\/\/www.sofleet.eu\/geolocalisation\/gestion-trajets-pro-perso\/"]}]},{"@type":"ImageObject","inLanguage":"es","@id":"https:\/\/www.sofleet.eu\/geolocalisation\/gestion-trajets-pro-perso\/#primaryimage","url":"https:\/\/www.sofleet.eu\/wp-content\/uploads\/2025\/03\/2148384962.jpg","contentUrl":"https:\/\/www.sofleet.eu\/wp-content\/uploads\/2025\/03\/2148384962.jpg","width":1000,"height":667,"caption":"g\u00e9olocalisation trajet perso"},{"@type":"BreadcrumbList","@id":"https:\/\/www.sofleet.eu\/geolocalisation\/gestion-trajets-pro-perso\/#breadcrumb","itemListElement":[{"@type":"ListItem","position":1,"name":"Accueil","item":"https:\/\/www.sofleet.eu\/"},{"@type":"ListItem","position":2,"name":"G\u00e9olocalisation","item":"https:\/\/www.sofleet.eu\/pt\/category\/geolocalisation\/"},{"@type":"ListItem","position":3,"name":"Comment simplifier la gestion des trajets pro\/perso ?"}]},{"@type":"WebSite","@id":"https:\/\/www.sofleet.eu\/#website","url":"https:\/\/www.sofleet.eu\/","name":"SoFLOTA","description":"Conducci\u00f3n ecol\u00f3gica y gesti\u00f3n de flotas","publisher":{"@id":"https:\/\/www.sofleet.eu\/#organization"},"potentialAction":[{"@type":"SearchAction","target":{"@type":"EntryPoint","urlTemplate":"https:\/\/www.sofleet.eu\/?s={search_term_string}"},"query-input":"required name=search_term_string"}],"inLanguage":"es"},{"@type":"Organization","@id":"https:\/\/www.sofleet.eu\/#organization","name":"SoFLOTA","url":"https:\/\/www.sofleet.eu\/","logo":{"@type":"ImageObject","inLanguage":"es","@id":"https:\/\/www.sofleet.eu\/#\/schema\/logo\/image\/","url":"https:\/\/www.sofleet.eu\/wp-content\/uploads\/2024\/06\/so-fleet-wpcf_453x200.png","contentUrl":"https:\/\/www.sofleet.eu\/wp-content\/uploads\/2024\/06\/so-fleet-wpcf_453x200.png","width":453,"height":200,"caption":"SoFLEET"},"image":{"@id":"https:\/\/www.sofleet.eu\/#\/schema\/logo\/image\/"}},{"@type":"Person","@id":"https:\/\/www.sofleet.eu\/#\/schema\/person\/f910c9edeabf6b0d03c5836c163e470b","name":"Oc\u00e9ane Mourisard","image":{"@type":"ImageObject","inLanguage":"es","@id":"https:\/\/www.sofleet.eu\/#\/schema\/person\/image\/","url":"https:\/\/secure.gravatar.com\/avatar\/607aa16a37ee56685296c13d21ee1628319dcdb444b4185a8b1297aec89134f7?s=96&d=mm&r=g","contentUrl":"https:\/\/secure.gravatar.com\/avatar\/607aa16a37ee56685296c13d21ee1628319dcdb444b4185a8b1297aec89134f7?s=96&d=mm&r=g","caption":"Oc\u00e9ane Mourisard"},"url":"https:\/\/www.sofleet.eu\/es\/author\/omourisard-sofleet\/"}]}},"_links":{"self":[{"href":"https:\/\/www.sofleet.eu\/es\/wp-json\/wp\/v2\/posts\/4974","targetHints":{"allow":["GET"]}}],"collection":[{"href":"https:\/\/www.sofleet.eu\/es\/wp-json\/wp\/v2\/posts"}],"about":[{"href":"https:\/\/www.sofleet.eu\/es\/wp-json\/wp\/v2\/types\/post"}],"author":[{"embeddable":true,"href":"https:\/\/www.sofleet.eu\/es\/wp-json\/wp\/v2\/users\/4"}],"replies":[{"embeddable":true,"href":"https:\/\/www.sofleet.eu\/es\/wp-json\/wp\/v2\/comments?post=4974"}],"version-history":[{"count":0,"href":"https:\/\/www.sofleet.eu\/es\/wp-json\/wp\/v2\/posts\/4974\/revisions"}],"wp:featuredmedia":[{"embeddable":true,"href":"https:\/\/www.sofleet.eu\/es\/wp-json\/wp\/v2\/media\/4975"}],"wp:attachment":[{"href":"https:\/\/www.sofleet.eu\/es\/wp-json\/wp\/v2\/media?parent=4974"}],"wp:term":[{"taxonomy":"category","embeddable":true,"href":"https:\/\/www.sofleet.eu\/es\/wp-json\/wp\/v2\/categories?post=4974"},{"taxonomy":"post_tag","embeddable":true,"href":"https:\/\/www.sofleet.eu\/es\/wp-json\/wp\/v2\/tags?post=4974"}],"curies":[{"name":"gracias","href":"https:\/\/api.w.org\/{rel}","templated":true}]}}