{"id":4974,"date":"2025-03-26T04:04:52","date_gmt":"2025-03-26T14:04:52","guid":{"rendered":"https:\/\/www.sofleet.eu\/?p=4974"},"modified":"2025-06-18T22:46:34","modified_gmt":"2025-06-19T08:46:34","slug":"gestion-trajets-pro-perso","status":"publish","type":"post","link":"https:\/\/www.sofleet.eu\/it\/geolocalisation\/gestione-del-percorso-personale-e-professionale\/","title":{"rendered":"Come semplificare la gestione dei viaggi aziendali\/personali?"},"content":{"rendered":"<h2 class=\"wp-block-heading\">Perch\u00e9 \u00e8 fondamentale distinguere tra percorsi professionali e personali?<\/h2>\n\n\n\n<p>Sia per le aziende che per i dipendenti, <strong>distinguere tra viaggi di lavoro e viaggi personali<\/strong> (o gestione di viaggi professionali\/personali) \u00e8 un obbligo normativo, fiscale e sociale.<\/p>\n\n\n\n<p>Infatti, l&#039;utilizzo di un veicolo professionale per scopi personali costituisce una prestazione in natura (AEN) soggetta a contributi previdenziali e all&#039;imposta sui redditi.<\/p>\n\n\n\n<p>Senza una corretta gestione di questa distinzione, l&#039;azienda \u00e8 esposta a una rettifica fiscale in caso di verifica da parte dell&#039;URSSAF o a una valutazione forfettaria svantaggiosa per il dipendente.<\/p>\n\n\n\n<figure class=\"wp-block-image size-full has-custom-border\"><img fetchpriority=\"high\" decoding=\"async\" width=\"1000\" height=\"667\" src=\"https:\/\/www.sofleet.eu\/wp-content\/uploads\/2025\/03\/2148384962.jpg\" alt=\"Gestione di viaggi aziendali\/personali per un veicolo professionale, assegnato dal gestore della flotta\" class=\"wp-image-4975\" style=\"border-radius:15px\" srcset=\"https:\/\/www.sofleet.eu\/wp-content\/uploads\/2025\/03\/2148384962.jpg 1000w, https:\/\/www.sofleet.eu\/wp-content\/uploads\/2025\/03\/2148384962-300x200.jpg 300w, https:\/\/www.sofleet.eu\/wp-content\/uploads\/2025\/03\/2148384962-768x512.jpg 768w, https:\/\/www.sofleet.eu\/wp-content\/uploads\/2025\/03\/2148384962-18x12.jpg 18w\" sizes=\"(max-width: 1000px) 100vw, 1000px\" \/><\/figure>\n\n\n\n<h3 class=\"wp-block-heading\">SoFLEET, lo strumento di riferimento per la gestione dei viaggi aziendali\/personali<\/h3>\n\n\n\n<p>Con SoFLEET, gli autisti hanno a disposizione un&#039;applicazione mobile intuitiva che semplifica la vita quotidiana e <a href=\"https:\/\/www.sofleet.eu\/it\/geolocalisation\/conformita-al-gdpr-dei-veicoli-connessi-2\/\">garantire la conformit\u00e0 <\/a>usi.<\/p>\n\n\n\n<p><strong>Ecco cosa possono fare con pochi clic:<\/strong><\/p>\n\n\n\n<ul class=\"wp-block-list\">\n<li>Passa facilmente dalla modalit\u00e0 professionale a quella personale, per proteggere la tua privacy.<\/li>\n\n\n\n<li>Avvia un percorso verso un punto di interesse dall&#039;app.<\/li>\n\n\n\n<li>Segnala subito un sinistro per ricevere un supporto rapido.<\/li>\n\n\n\n<li>Gestire le prenotazioni dei veicoli della flotta in base alla disponibilit\u00e0.<\/li>\n<\/ul>\n\n\n\n<p>In modalit\u00e0 \u201cpersonale\u201d la geolocalizzazione del mezzo professionale \u00e8 disattivata, garantendo il rispetto della privacy e degli obblighi GDPR.<\/p>\n\n\n\n<h3 class=\"wp-block-heading\">Lato responsabile della flotta: risparmio di tempo e conformit\u00e0<\/h3>\n\n\n\n<p><strong>La piattaforma SoFLEET consente agli amministratori di:<\/strong><\/p>\n\n\n\n<ul class=\"wp-block-list\">\n<li>Aggiungere, modificare o eliminare utenti.<\/li>\n\n\n\n<li>Gestisci gli ID dei conducenti e gli orari delle prenotazioni.<\/li>\n\n\n\n<li>Configurare la flotta in base alle norme interne dell&#039;azienda o a quelle del servizio pubblico territoriale.<\/li>\n<\/ul>\n\n\n\n<h3 class=\"wp-block-heading\">Migliore gestione dei benefici in natura<\/h3>\n\n\n\n<p>In caso di uso misto (professionale\/personale), SoFLEET aiuta a calcolare con precisione il beneficio imponibile in natura legato all&#039;uso personale di un veicolo aziendale.<\/p>\n\n\n\n<h4 class=\"wp-block-heading\"><strong>AEN: una riforma da comprendere entro il 2025<\/strong><\/h4>\n\n\n\n<p>Dall&#039;aggiornamento del Bollettino Ufficiale della Previdenza Sociale (BOSS) nel marzo 2025, \u00e8 stata apportata una precisazione importante:<\/p>\n\n\n\n<p>Le nuove tariffe forfettarie per l&#039;AEN si applicano non solo alle nuove assegnazioni di veicoli, ma anche alle riassegnazioni, a condizione che siano avvenute a partire dal 1\u00b0 febbraio 2025.<\/p>\n\n\n\n<p>Ci\u00f2 significa che anche se un veicolo \u00e8 gi\u00e0 in circolazione da diversi anni, la riassegnazione ad un nuovo dipendente comporta l&#039;applicazione della <a href=\"https:\/\/www.urssaf.fr\/accueil\/employeur\/beneficier-exonerations\/frais-professionnels.html\">nuovo regime AEN<\/a>, pi\u00f9 rigorosi in certi casi.<\/p>\n\n\n\n<p><strong>Specificit\u00e0: veicoli elettrici ed eco-score<\/strong><\/p>\n\n\n\n<p>L&#039;URSSAF specifica inoltre che un veicolo elettrico che non ha diritto alla riduzione AEN al momento della sua messa a disposizione non potr\u00e0 beneficiare retroattivamente di tale riduzione, anche se in seguito ottiene un eco-score favorevole.<\/p>\n\n\n\n<p>Con SoFLEET \u00e8 possibile tenere traccia della cronologia della disponibilit\u00e0 dei veicoli di ciascun dipendente, evitando cos\u00ec qualsiasi confusione in caso di ispezione.<\/p>\n\n\n\n<p><strong>Cose da ricordare per la gestione dei viaggi aziendali\/personali:<\/strong><\/p>\n\n\n\n<ul class=\"wp-block-list\">\n<li>Per le assegnazioni antecedenti al 1\u00b0 febbraio 2025 si applica il vecchio regime.<\/li>\n\n\n\n<li>L&#039;unico riferimento riconosciuto \u00e8 la data di assegnazione del veicolo, definita dall&#039;accordo tra datore di lavoro e dipendente.<\/li>\n\n\n\n<li>SoFLEET consente di archiviare queste date e di prevedere gli impatti fiscali in caso di rinnovo o cambio di veicolo.<\/li>\n<\/ul>\n\n\n\n<h4 class=\"wp-block-heading\">Due metodi di dichiarazione dei redditi:<\/h4>\n\n\n\n<ol class=\"wp-block-list\">\n<li><strong>Forfettario <\/strong>: un importo fisso basato sul costo del veicolo.<\/li>\n\n\n\n<li><strong>In realt\u00e0 <\/strong>: in base ai chilometri personali percorsi.<\/li>\n<\/ol>\n\n\n\n<p>In questo secondo caso SoFLEET diventa essenziale per giustificare i chilometri professionali e ridurre la base imponibile.<\/p>\n\n\n\n<p>Un monitoraggio adeguato impedisce che l&#039;amministrazione riclassifichi determinati viaggi come viaggi di lavoro come viaggi personali, con conseguenti ripercussioni fiscali.<\/p>\n\n\n\n<figure class=\"wp-block-image size-full has-custom-border\"><img decoding=\"async\" width=\"1000\" height=\"516\" src=\"https:\/\/www.sofleet.eu\/wp-content\/uploads\/2025\/03\/2148906400.jpg\" alt=\"Gestione degli spostamenti aziendali\/personali per l&#039;utilizzo di veicoli personali per scopi professionali e gestione delle spese\" class=\"wp-image-4976\" style=\"border-radius:15px\" srcset=\"https:\/\/www.sofleet.eu\/wp-content\/uploads\/2025\/03\/2148906400.jpg 1000w, https:\/\/www.sofleet.eu\/wp-content\/uploads\/2025\/03\/2148906400-300x155.jpg 300w, https:\/\/www.sofleet.eu\/wp-content\/uploads\/2025\/03\/2148906400-768x396.jpg 768w, https:\/\/www.sofleet.eu\/wp-content\/uploads\/2025\/03\/2148906400-18x9.jpg 18w\" sizes=\"(max-width: 1000px) 100vw, 1000px\" \/><\/figure>\n\n\n\n<h3 class=\"wp-block-heading\">E per l&#039;uso dei veicoli personali per scopi professionali?<\/h3>\n\n\n\n<p>Molti dipendenti utilizzano il proprio veicolo personale per i viaggi di lavoro. SoFLEET consente inoltre di tracciare e registrare questi viaggi, facilitando il calcolo delle indennit\u00e0 chilometriche e il rispetto delle tariffe fiscali.<\/p>\n\n\n\n<p><strong>SoFLEET \u00e8 la soluzione ideale per:<\/strong><\/p>\n\n\n\n<ul class=\"wp-block-list\">\n<li>Semplificare la gestione quotidiana dei veicoli della flotta<\/li>\n\n\n\n<li>Distinguere chiaramente tra usi professionali e personali<\/li>\n\n\n\n<li>Proteggere la privacy dei dipendenti<\/li>\n\n\n\n<li>Ottimizzazione della tassazione delle prestazioni in natura<\/li>\n\n\n\n<li>Rispettare gli obblighi legali e le regole di trasparenza<\/li>\n<\/ul>\n\n\n\n<p><\/p>\n\n\n\n<p><strong>Vuoi saperne di pi\u00f9 sulla gestione dei viaggi e sulla geolocalizzazione dei veicoli professionali?<\/strong> Contatta i nostri team o prova SoFLEET gratuitamente oggi stesso!<\/p>","protected":false},"excerpt":{"rendered":"<p>Perch\u00e9 \u00e8 fondamentale distinguere tra percorsi professionali e personali? Sia per le aziende che per i dipendenti, distinguere tra viaggi di lavoro e viaggi personali (o gestire i viaggi di lavoro\/personali) \u00e8 un obbligo normativo, fiscale e sociale. Infatti, l\u2019utilizzo di un veicolo professionale per scopi personali costituisce una prestazione in natura (BIN) [\u2026]<\/p>","protected":false},"author":4,"featured_media":4975,"comment_status":"open","ping_status":"open","sticky":false,"template":"","format":"standard","meta":{"_acf_changed":false,"_eb_attr":"","footnotes":""},"categories":[5,25],"tags":[],"class_list":["post-4974","post","type-post","status-publish","format-standard","has-post-thumbnail","hentry","category-actualite","category-geolocalisation"],"acf":[],"yoast_head":"<!-- This site is optimized with the Yoast SEO plugin v23.1 - https:\/\/yoast.com\/wordpress\/plugins\/seo\/ -->\n<title>Gestion des trajets pro\/perso pour les v\u00e9hicules d&#039;entreprise<\/title>\n<meta name=\"description\" content=\"D\u00e9couvrez comment simplifier la gestion des trajets pro\/perso avec SoFLEET et sa g\u00e9olocalisation de v\u00e9hicules professionnels.\" \/>\n<meta name=\"robots\" content=\"index, follow, max-snippet:-1, max-image-preview:large, max-video-preview:-1\" \/>\n<link rel=\"canonical\" href=\"https:\/\/www.sofleet.eu\/it\/geolocalisation\/gestione-del-percorso-personale-e-professionale\/\" \/>\n<meta property=\"og:locale\" content=\"it_IT\" \/>\n<meta property=\"og:type\" content=\"article\" \/>\n<meta property=\"og:title\" content=\"Gestion des trajets pro\/perso pour les v\u00e9hicules d&#039;entreprise\" \/>\n<meta property=\"og:description\" content=\"D\u00e9couvrez comment simplifier la gestion des trajets pro\/perso avec SoFLEET et sa g\u00e9olocalisation de v\u00e9hicules professionnels.\" \/>\n<meta property=\"og:url\" content=\"https:\/\/www.sofleet.eu\/it\/geolocalisation\/gestione-del-percorso-personale-e-professionale\/\" \/>\n<meta property=\"og:site_name\" content=\"SoFLEET\" \/>\n<meta property=\"article:published_time\" content=\"2025-03-26T14:04:52+00:00\" \/>\n<meta property=\"article:modified_time\" content=\"2025-06-19T08:46:34+00:00\" \/>\n<meta property=\"og:image\" content=\"https:\/\/www.sofleet.eu\/wp-content\/uploads\/2025\/03\/2148384962.jpg\" \/>\n\t<meta property=\"og:image:width\" content=\"1000\" \/>\n\t<meta property=\"og:image:height\" content=\"667\" \/>\n\t<meta property=\"og:image:type\" content=\"image\/jpeg\" \/>\n<meta name=\"author\" content=\"Oc\u00e9ane Mourisard\" \/>\n<meta name=\"twitter:card\" content=\"summary_large_image\" \/>\n<meta name=\"twitter:label1\" content=\"Scritto da\" \/>\n\t<meta name=\"twitter:data1\" content=\"Oc\u00e9ane Mourisard\" \/>\n\t<meta name=\"twitter:label2\" content=\"Tempo di lettura stimato\" \/>\n\t<meta name=\"twitter:data2\" content=\"4 minuti\" \/>\n<script type=\"application\/ld+json\" class=\"yoast-schema-graph\">{\"@context\":\"https:\/\/schema.org\",\"@graph\":[{\"@type\":\"Article\",\"@id\":\"https:\/\/www.sofleet.eu\/geolocalisation\/gestion-trajets-pro-perso\/#article\",\"isPartOf\":{\"@id\":\"https:\/\/www.sofleet.eu\/geolocalisation\/gestion-trajets-pro-perso\/\"},\"author\":{\"name\":\"Oc\u00e9ane Mourisard\",\"@id\":\"https:\/\/www.sofleet.eu\/#\/schema\/person\/f910c9edeabf6b0d03c5836c163e470b\"},\"headline\":\"Comment simplifier la gestion des trajets pro\/perso ?\",\"datePublished\":\"2025-03-26T14:04:52+00:00\",\"dateModified\":\"2025-06-19T08:46:34+00:00\",\"mainEntityOfPage\":{\"@id\":\"https:\/\/www.sofleet.eu\/geolocalisation\/gestion-trajets-pro-perso\/\"},\"wordCount\":762,\"commentCount\":0,\"publisher\":{\"@id\":\"https:\/\/www.sofleet.eu\/#organization\"},\"image\":{\"@id\":\"https:\/\/www.sofleet.eu\/geolocalisation\/gestion-trajets-pro-perso\/#primaryimage\"},\"thumbnailUrl\":\"https:\/\/www.sofleet.eu\/wp-content\/uploads\/2025\/03\/2148384962.jpg\",\"articleSection\":[\"Actualit\u00e9\",\"G\u00e9olocalisation\"],\"inLanguage\":\"it-IT\",\"potentialAction\":[{\"@type\":\"CommentAction\",\"name\":\"Comment\",\"target\":[\"https:\/\/www.sofleet.eu\/geolocalisation\/gestion-trajets-pro-perso\/#respond\"]}]},{\"@type\":\"WebPage\",\"@id\":\"https:\/\/www.sofleet.eu\/geolocalisation\/gestion-trajets-pro-perso\/\",\"url\":\"https:\/\/www.sofleet.eu\/geolocalisation\/gestion-trajets-pro-perso\/\",\"name\":\"Gestion des trajets pro\/perso pour les v\u00e9hicules d'entreprise\",\"isPartOf\":{\"@id\":\"https:\/\/www.sofleet.eu\/#website\"},\"primaryImageOfPage\":{\"@id\":\"https:\/\/www.sofleet.eu\/geolocalisation\/gestion-trajets-pro-perso\/#primaryimage\"},\"image\":{\"@id\":\"https:\/\/www.sofleet.eu\/geolocalisation\/gestion-trajets-pro-perso\/#primaryimage\"},\"thumbnailUrl\":\"https:\/\/www.sofleet.eu\/wp-content\/uploads\/2025\/03\/2148384962.jpg\",\"datePublished\":\"2025-03-26T14:04:52+00:00\",\"dateModified\":\"2025-06-19T08:46:34+00:00\",\"description\":\"D\u00e9couvrez comment simplifier la gestion des trajets pro\/perso avec SoFLEET et sa g\u00e9olocalisation de v\u00e9hicules professionnels.\",\"breadcrumb\":{\"@id\":\"https:\/\/www.sofleet.eu\/geolocalisation\/gestion-trajets-pro-perso\/#breadcrumb\"},\"inLanguage\":\"it-IT\",\"potentialAction\":[{\"@type\":\"ReadAction\",\"target\":[\"https:\/\/www.sofleet.eu\/geolocalisation\/gestion-trajets-pro-perso\/\"]}]},{\"@type\":\"ImageObject\",\"inLanguage\":\"it-IT\",\"@id\":\"https:\/\/www.sofleet.eu\/geolocalisation\/gestion-trajets-pro-perso\/#primaryimage\",\"url\":\"https:\/\/www.sofleet.eu\/wp-content\/uploads\/2025\/03\/2148384962.jpg\",\"contentUrl\":\"https:\/\/www.sofleet.eu\/wp-content\/uploads\/2025\/03\/2148384962.jpg\",\"width\":1000,\"height\":667,\"caption\":\"g\u00e9olocalisation trajet perso\"},{\"@type\":\"BreadcrumbList\",\"@id\":\"https:\/\/www.sofleet.eu\/geolocalisation\/gestion-trajets-pro-perso\/#breadcrumb\",\"itemListElement\":[{\"@type\":\"ListItem\",\"position\":1,\"name\":\"Accueil\",\"item\":\"https:\/\/www.sofleet.eu\/\"},{\"@type\":\"ListItem\",\"position\":2,\"name\":\"G\u00e9olocalisation\",\"item\":\"https:\/\/www.sofleet.eu\/pt\/category\/geolocalisation\/\"},{\"@type\":\"ListItem\",\"position\":3,\"name\":\"Comment simplifier la gestion des trajets pro\/perso ?\"}]},{\"@type\":\"WebSite\",\"@id\":\"https:\/\/www.sofleet.eu\/#website\",\"url\":\"https:\/\/www.sofleet.eu\/\",\"name\":\"SoFLEET\",\"description\":\"\u00c9coconduite &amp; gestion de flotte automobile\",\"publisher\":{\"@id\":\"https:\/\/www.sofleet.eu\/#organization\"},\"potentialAction\":[{\"@type\":\"SearchAction\",\"target\":{\"@type\":\"EntryPoint\",\"urlTemplate\":\"https:\/\/www.sofleet.eu\/?s={search_term_string}\"},\"query-input\":\"required name=search_term_string\"}],\"inLanguage\":\"it-IT\"},{\"@type\":\"Organization\",\"@id\":\"https:\/\/www.sofleet.eu\/#organization\",\"name\":\"SoFLEET\",\"url\":\"https:\/\/www.sofleet.eu\/\",\"logo\":{\"@type\":\"ImageObject\",\"inLanguage\":\"it-IT\",\"@id\":\"https:\/\/www.sofleet.eu\/#\/schema\/logo\/image\/\",\"url\":\"https:\/\/www.sofleet.eu\/wp-content\/uploads\/2024\/06\/so-fleet-wpcf_453x200.png\",\"contentUrl\":\"https:\/\/www.sofleet.eu\/wp-content\/uploads\/2024\/06\/so-fleet-wpcf_453x200.png\",\"width\":453,\"height\":200,\"caption\":\"SoFLEET\"},\"image\":{\"@id\":\"https:\/\/www.sofleet.eu\/#\/schema\/logo\/image\/\"}},{\"@type\":\"Person\",\"@id\":\"https:\/\/www.sofleet.eu\/#\/schema\/person\/f910c9edeabf6b0d03c5836c163e470b\",\"name\":\"Oc\u00e9ane Mourisard\",\"image\":{\"@type\":\"ImageObject\",\"inLanguage\":\"it-IT\",\"@id\":\"https:\/\/www.sofleet.eu\/#\/schema\/person\/image\/\",\"url\":\"https:\/\/secure.gravatar.com\/avatar\/607aa16a37ee56685296c13d21ee1628319dcdb444b4185a8b1297aec89134f7?s=96&d=mm&r=g\",\"contentUrl\":\"https:\/\/secure.gravatar.com\/avatar\/607aa16a37ee56685296c13d21ee1628319dcdb444b4185a8b1297aec89134f7?s=96&d=mm&r=g\",\"caption\":\"Oc\u00e9ane Mourisard\"},\"url\":\"https:\/\/www.sofleet.eu\/it\/author\/omourisard-sofleet\/\"}]}<\/script>\n<!-- \/ Yoast SEO plugin. -->","yoast_head_json":{"title":"Gestione degli spostamenti aziendali\/personali per i veicoli aziendali","description":"Scopri come semplificare la gestione dei viaggi aziendali\/personali con SoFLEET e la sua geolocalizzazione dei veicoli professionali.","robots":{"index":"index","follow":"follow","max-snippet":"max-snippet:-1","max-image-preview":"max-image-preview:large","max-video-preview":"max-video-preview:-1"},"canonical":"https:\/\/www.sofleet.eu\/it\/geolocalisation\/gestione-del-percorso-personale-e-professionale\/","og_locale":"it_IT","og_type":"article","og_title":"Gestion des trajets pro\/perso pour les v\u00e9hicules d'entreprise","og_description":"D\u00e9couvrez comment simplifier la gestion des trajets pro\/perso avec SoFLEET et sa g\u00e9olocalisation de v\u00e9hicules professionnels.","og_url":"https:\/\/www.sofleet.eu\/it\/geolocalisation\/gestione-del-percorso-personale-e-professionale\/","og_site_name":"SoFLEET","article_published_time":"2025-03-26T14:04:52+00:00","article_modified_time":"2025-06-19T08:46:34+00:00","og_image":[{"width":1000,"height":667,"url":"https:\/\/www.sofleet.eu\/wp-content\/uploads\/2025\/03\/2148384962.jpg","type":"image\/jpeg"}],"author":"Oc\u00e9ane Mourisard","twitter_card":"summary_large_image","twitter_misc":{"Scritto da":"Oc\u00e9ane Mourisard","Tempo di lettura stimato":"4 minuti"},"schema":{"@context":"https:\/\/schema.org","@graph":[{"@type":"Article","@id":"https:\/\/www.sofleet.eu\/geolocalisation\/gestion-trajets-pro-perso\/#article","isPartOf":{"@id":"https:\/\/www.sofleet.eu\/geolocalisation\/gestion-trajets-pro-perso\/"},"author":{"name":"Oc\u00e9ane Mourisard","@id":"https:\/\/www.sofleet.eu\/#\/schema\/person\/f910c9edeabf6b0d03c5836c163e470b"},"headline":"Comment simplifier la gestion des trajets pro\/perso ?","datePublished":"2025-03-26T14:04:52+00:00","dateModified":"2025-06-19T08:46:34+00:00","mainEntityOfPage":{"@id":"https:\/\/www.sofleet.eu\/geolocalisation\/gestion-trajets-pro-perso\/"},"wordCount":762,"commentCount":0,"publisher":{"@id":"https:\/\/www.sofleet.eu\/#organization"},"image":{"@id":"https:\/\/www.sofleet.eu\/geolocalisation\/gestion-trajets-pro-perso\/#primaryimage"},"thumbnailUrl":"https:\/\/www.sofleet.eu\/wp-content\/uploads\/2025\/03\/2148384962.jpg","articleSection":["Actualit\u00e9","G\u00e9olocalisation"],"inLanguage":"it-IT","potentialAction":[{"@type":"CommentAction","name":"Comment","target":["https:\/\/www.sofleet.eu\/geolocalisation\/gestion-trajets-pro-perso\/#respond"]}]},{"@type":"WebPage","@id":"https:\/\/www.sofleet.eu\/geolocalisation\/gestion-trajets-pro-perso\/","url":"https:\/\/www.sofleet.eu\/geolocalisation\/gestion-trajets-pro-perso\/","name":"Gestione degli spostamenti aziendali\/personali per i veicoli aziendali","isPartOf":{"@id":"https:\/\/www.sofleet.eu\/#website"},"primaryImageOfPage":{"@id":"https:\/\/www.sofleet.eu\/geolocalisation\/gestion-trajets-pro-perso\/#primaryimage"},"image":{"@id":"https:\/\/www.sofleet.eu\/geolocalisation\/gestion-trajets-pro-perso\/#primaryimage"},"thumbnailUrl":"https:\/\/www.sofleet.eu\/wp-content\/uploads\/2025\/03\/2148384962.jpg","datePublished":"2025-03-26T14:04:52+00:00","dateModified":"2025-06-19T08:46:34+00:00","description":"Scopri come semplificare la gestione dei viaggi aziendali\/personali con SoFLEET e la sua geolocalizzazione dei veicoli professionali.","breadcrumb":{"@id":"https:\/\/www.sofleet.eu\/geolocalisation\/gestion-trajets-pro-perso\/#breadcrumb"},"inLanguage":"it-IT","potentialAction":[{"@type":"ReadAction","target":["https:\/\/www.sofleet.eu\/geolocalisation\/gestion-trajets-pro-perso\/"]}]},{"@type":"ImageObject","inLanguage":"it-IT","@id":"https:\/\/www.sofleet.eu\/geolocalisation\/gestion-trajets-pro-perso\/#primaryimage","url":"https:\/\/www.sofleet.eu\/wp-content\/uploads\/2025\/03\/2148384962.jpg","contentUrl":"https:\/\/www.sofleet.eu\/wp-content\/uploads\/2025\/03\/2148384962.jpg","width":1000,"height":667,"caption":"g\u00e9olocalisation trajet perso"},{"@type":"BreadcrumbList","@id":"https:\/\/www.sofleet.eu\/geolocalisation\/gestion-trajets-pro-perso\/#breadcrumb","itemListElement":[{"@type":"ListItem","position":1,"name":"Accueil","item":"https:\/\/www.sofleet.eu\/"},{"@type":"ListItem","position":2,"name":"G\u00e9olocalisation","item":"https:\/\/www.sofleet.eu\/pt\/category\/geolocalisation\/"},{"@type":"ListItem","position":3,"name":"Comment simplifier la gestion des trajets pro\/perso ?"}]},{"@type":"WebSite","@id":"https:\/\/www.sofleet.eu\/#website","url":"https:\/\/www.sofleet.eu\/","name":"SoFLEET","description":"Guida ecologica e gestione della flotta","publisher":{"@id":"https:\/\/www.sofleet.eu\/#organization"},"potentialAction":[{"@type":"SearchAction","target":{"@type":"EntryPoint","urlTemplate":"https:\/\/www.sofleet.eu\/?s={search_term_string}"},"query-input":"required name=search_term_string"}],"inLanguage":"it-IT"},{"@type":"Organization","@id":"https:\/\/www.sofleet.eu\/#organization","name":"SoFLEET","url":"https:\/\/www.sofleet.eu\/","logo":{"@type":"ImageObject","inLanguage":"it-IT","@id":"https:\/\/www.sofleet.eu\/#\/schema\/logo\/image\/","url":"https:\/\/www.sofleet.eu\/wp-content\/uploads\/2024\/06\/so-fleet-wpcf_453x200.png","contentUrl":"https:\/\/www.sofleet.eu\/wp-content\/uploads\/2024\/06\/so-fleet-wpcf_453x200.png","width":453,"height":200,"caption":"SoFLEET"},"image":{"@id":"https:\/\/www.sofleet.eu\/#\/schema\/logo\/image\/"}},{"@type":"Person","@id":"https:\/\/www.sofleet.eu\/#\/schema\/person\/f910c9edeabf6b0d03c5836c163e470b","name":"Oceano Mourisard","image":{"@type":"ImageObject","inLanguage":"it-IT","@id":"https:\/\/www.sofleet.eu\/#\/schema\/person\/image\/","url":"https:\/\/secure.gravatar.com\/avatar\/607aa16a37ee56685296c13d21ee1628319dcdb444b4185a8b1297aec89134f7?s=96&d=mm&r=g","contentUrl":"https:\/\/secure.gravatar.com\/avatar\/607aa16a37ee56685296c13d21ee1628319dcdb444b4185a8b1297aec89134f7?s=96&d=mm&r=g","caption":"Oc\u00e9ane Mourisard"},"url":"https:\/\/www.sofleet.eu\/it\/author\/omourisard-sofleet\/"}]}},"_links":{"self":[{"href":"https:\/\/www.sofleet.eu\/it\/wp-json\/wp\/v2\/posts\/4974","targetHints":{"allow":["GET"]}}],"collection":[{"href":"https:\/\/www.sofleet.eu\/it\/wp-json\/wp\/v2\/posts"}],"about":[{"href":"https:\/\/www.sofleet.eu\/it\/wp-json\/wp\/v2\/types\/post"}],"author":[{"embeddable":true,"href":"https:\/\/www.sofleet.eu\/it\/wp-json\/wp\/v2\/users\/4"}],"replies":[{"embeddable":true,"href":"https:\/\/www.sofleet.eu\/it\/wp-json\/wp\/v2\/comments?post=4974"}],"version-history":[{"count":0,"href":"https:\/\/www.sofleet.eu\/it\/wp-json\/wp\/v2\/posts\/4974\/revisions"}],"wp:featuredmedia":[{"embeddable":true,"href":"https:\/\/www.sofleet.eu\/it\/wp-json\/wp\/v2\/media\/4975"}],"wp:attachment":[{"href":"https:\/\/www.sofleet.eu\/it\/wp-json\/wp\/v2\/media?parent=4974"}],"wp:term":[{"taxonomy":"category","embeddable":true,"href":"https:\/\/www.sofleet.eu\/it\/wp-json\/wp\/v2\/categories?post=4974"},{"taxonomy":"post_tag","embeddable":true,"href":"https:\/\/www.sofleet.eu\/it\/wp-json\/wp\/v2\/tags?post=4974"}],"curies":[{"name":"parola chiave","href":"https:\/\/api.w.org\/{rel}","templated":true}]}}