{"id":4942,"date":"2025-03-04T00:43:38","date_gmt":"2025-03-04T10:43:38","guid":{"rendered":"https:\/\/www.sofleet.eu\/?p=4942"},"modified":"2025-06-18T22:32:43","modified_gmt":"2025-06-19T08:32:43","slug":"bareme-kilometrique-2025-ce-qui-change-ou-pas","status":"publish","type":"post","link":"https:\/\/www.sofleet.eu\/pt\/noticias\/escala-de-quilometragem-de-2025-o-que-muda-ou-nao-2\/","title":{"rendered":"Escala de quilometragem de 2025: o que muda (ou n\u00e3o)!"},"content":{"rendered":"<p>Gerenciar as despesas com quilometragem \u00e9 uma quest\u00e3o fundamental para empresas e aut\u00f4nomos. A cada ano, as taxas mudam com base na infla\u00e7\u00e3o, nos custos de energia e nas tend\u00eancias do mercado automotivo.<\/p>\n\n\n\n<p>Recentemente, o IRS (Internal Revenue Service), a administra\u00e7\u00e3o tribut\u00e1ria americana, publicou as taxas de reembolso de quilometragem aplic\u00e1veis para 2025. Embora este an\u00fancio diga respeito aos Estados Unidos, \u00e9 um lembrete de que o rastreamento de custos de ve\u00edculos \u00e9 um assunto internacional e que \u00e9 essencial adaptar sua gest\u00e3o de frota de acordo.<\/p>\n\n\n\n<figure class=\"wp-block-image size-full has-custom-border\"><img fetchpriority=\"high\" decoding=\"async\" width=\"1000\" height=\"667\" src=\"https:\/\/www.sofleet.eu\/wp-content\/uploads\/2025\/03\/2150163673.jpg\" alt=\"Escala de quilometragem de 2025\" class=\"wp-image-4944\" style=\"border-radius:15px\" srcset=\"https:\/\/www.sofleet.eu\/wp-content\/uploads\/2025\/03\/2150163673.jpg 1000w, https:\/\/www.sofleet.eu\/wp-content\/uploads\/2025\/03\/2150163673-300x200.jpg 300w, https:\/\/www.sofleet.eu\/wp-content\/uploads\/2025\/03\/2150163673-768x512.jpg 768w, https:\/\/www.sofleet.eu\/wp-content\/uploads\/2025\/03\/2150163673-18x12.jpg 18w\" sizes=\"(max-width: 1000px) 100vw, 1000px\" \/><\/figure>\n\n\n\n<h2 class=\"wp-block-heading\">E quanto \u00e0 escala de quilometragem na Fran\u00e7a?<\/h2>\n\n\n\n<p>No momento, a URSSAF ainda n\u00e3o publicou a escala de milhagem de 2025. Ela deve ser revelada na primavera. Enquanto isso, a taxa de 2024 continua em vigor, sem nenhum aumento em rela\u00e7\u00e3o a 2023.<\/p>\n\n\n\n<h3 class=\"wp-block-heading\">O que voc\u00ea precisa saber sobre taxas de quilometragem na Fran\u00e7a:<\/h3>\n\n\n\n<ul class=\"wp-block-list\">\n<li>A <strong>dedu\u00e7\u00e3o dos custos reais<\/strong> aplica-se a empregados e aut\u00f4nomos (carros, motocicletas, scooters).<\/li>\n\n\n\n<li>O c\u00e1lculo \u00e9 baseado na pot\u00eancia tribut\u00e1vel do ve\u00edculo e na <strong>dist\u00e2ncia percorrida<\/strong>.<\/li>\n\n\n\n<li>Os reembolsos est\u00e3o isentos de contribui\u00e7\u00f5es previdenci\u00e1rias se estiverem de acordo com a tabela URSSAF*.<\/li>\n\n\n\n<li>Um aumento de 20 % \u00e9 aplicado para o <strong>ve\u00edculos el\u00e9tricos<\/strong>.<\/li>\n\n\n\n<li>A escala abrange o <strong>custos de combust\u00edvel<\/strong>, <strong>manuten\u00e7\u00e3o e seguro<\/strong>.<\/li>\n<\/ul>\n\n\n\n<h3 class=\"wp-block-heading\">Por que isso \u00e9 importante para os gerentes de frotas?<\/h3>\n\n\n\n<p>A otimiza\u00e7\u00e3o de custos exige um monitoramento rigoroso das viagens. Com a volatilidade dos pre\u00e7os da energia e o aumento dos custos dos ve\u00edculos, \u00e9 crucial ter uma solu\u00e7\u00e3o adequada para gerenciar com efic\u00e1cia os reembolsos de quilometragem. Para isso, os gestores de frotas, ou &quot;Gestores de Mobilidade&quot;, equipam-se com <a href=\"https:\/\/www.sofleet.eu\/pt\/noticias\/tudo-sobre-gestao-de-frotas\/\">solu\u00e7\u00e3o para gest\u00e3o otimizada de frotas<\/a>.<\/p>\n\n\n\n<h3 class=\"wp-block-heading\">Como monitorar e otimizar melhor seus gastos com quilometragem?<\/h3>\n\n\n\n<ol class=\"wp-block-list\">\n<li><strong>Automatizar a coleta de dados<\/strong> : Solu\u00e7\u00f5es como <strong>SoFLEET <\/strong>permitir que as viagens sejam integradas automaticamente, evitando assim erros e omiss\u00f5es.<\/li>\n\n\n\n<li><strong>Analisando tend\u00eancias de consumo<\/strong> : Ao monitorar as despesas com combust\u00edvel e manuten\u00e7\u00e3o, os gerentes podem prever e otimizar melhor seus custos.<\/li>\n\n\n\n<li><strong>Adote uma pol\u00edtica de mobilidade sustent\u00e1vel<\/strong> : Incentivar o uso de ve\u00edculos el\u00e9tricos ou h\u00edbridos pode proporcionar benef\u00edcios fiscais e reduzir a pegada de carbono.<\/li>\n\n\n\n<li><strong>Sensibiliza\u00e7\u00e3o dos condutores<\/strong> : A dire\u00e7\u00e3o ecologicamente respons\u00e1vel ajuda a reduzir o consumo de combust\u00edvel e o desgaste do ve\u00edculo.<\/li>\n<\/ol>\n\n\n\n<figure class=\"wp-block-image size-full is-resized has-custom-border\"><img decoding=\"async\" width=\"600\" height=\"450\" src=\"https:\/\/www.sofleet.eu\/wp-content\/uploads\/2025\/03\/2702-Km-SoFLEET-1.png\" alt=\"Escala de quilometragem de 2025\" class=\"wp-image-4943\" style=\"border-radius:15px;width:798px;height:auto\" srcset=\"https:\/\/www.sofleet.eu\/wp-content\/uploads\/2025\/03\/2702-Km-SoFLEET-1.png 600w, https:\/\/www.sofleet.eu\/wp-content\/uploads\/2025\/03\/2702-Km-SoFLEET-1-300x225.png 300w, https:\/\/www.sofleet.eu\/wp-content\/uploads\/2025\/03\/2702-Km-SoFLEET-1-16x12.png 16w\" sizes=\"(max-width: 600px) 100vw, 600px\" \/><\/figure>\n\n\n\n<h2 class=\"wp-block-heading\">O impacto das novas formas de mobilidade nas escalas de quilometragem<\/h2>\n\n\n\n<p>Com o surgimento dos ve\u00edculos el\u00e9tricos e novas solu\u00e7\u00f5es de mobilidade (caronas, compartilhamento de carros, etc.), as taxas de quilometragem aumentar\u00e3o, principalmente com a ecologiza\u00e7\u00e3o das frotas de ve\u00edculos. As empresas devem permanecer atentas \u00e0s atualiza\u00e7\u00f5es regulat\u00f3rias e antecipar essas mudan\u00e7as para otimizar a gest\u00e3o de suas frotas.<\/p>\n\n\n\n<p>*Veja o <a href=\"https:\/\/www.urssaf.fr\/accueil\/outils-documentation\/taux-baremes\/indemnites-kilometriques.html\">Escala URSAFF<\/a> despesas de quilometragem.<\/p>\n\n\n\n<p><\/p>","protected":false},"excerpt":{"rendered":"<p>Gerenciar as despesas com quilometragem \u00e9 uma quest\u00e3o fundamental para empresas e aut\u00f4nomos. A cada ano, as taxas mudam com base na infla\u00e7\u00e3o, nos custos de energia e nas tend\u00eancias do mercado automotivo. Recentemente, o IRS (Internal Revenue Service), o \u00f3rg\u00e3o tribut\u00e1rio dos EUA, divulgou as taxas de reembolso de quilometragem para 2025. Embora este an\u00fancio [\u2026]<\/p>","protected":false},"author":4,"featured_media":4944,"comment_status":"open","ping_status":"open","sticky":false,"template":"","format":"standard","meta":{"_acf_changed":false,"_eb_attr":"","footnotes":""},"categories":[5,23],"tags":[],"class_list":["post-4942","post","type-post","status-publish","format-standard","has-post-thumbnail","hentry","category-actualite","category-gestion-de-flotte"],"acf":[],"yoast_head":"<!-- This site is optimized with the Yoast SEO plugin v23.1 - https:\/\/yoast.com\/wordpress\/plugins\/seo\/ -->\n<title>Bar\u00e8me kilom\u00e9trique 2025 : ce qui change (ou pas) !<\/title>\n<meta name=\"description\" content=\"D\u00e9couvrez ce qui change pour le bar\u00e8me kilom\u00e9trique en 2025 et comment les gestionnaires de flotte s&#039;adaptent dans leur m\u00e9tier.\" \/>\n<meta name=\"robots\" content=\"index, follow, max-snippet:-1, max-image-preview:large, max-video-preview:-1\" \/>\n<link rel=\"canonical\" href=\"https:\/\/www.sofleet.eu\/pt\/noticias\/escala-de-quilometragem-de-2025-o-que-muda-ou-nao-2\/\" \/>\n<meta property=\"og:locale\" content=\"pt_PT\" \/>\n<meta property=\"og:type\" content=\"article\" \/>\n<meta property=\"og:title\" content=\"Bar\u00e8me kilom\u00e9trique 2025 : ce qui change (ou pas) !\" \/>\n<meta property=\"og:description\" content=\"D\u00e9couvrez ce qui change pour le bar\u00e8me kilom\u00e9trique en 2025 et comment les gestionnaires de flotte s&#039;adaptent dans leur m\u00e9tier.\" \/>\n<meta property=\"og:url\" content=\"https:\/\/www.sofleet.eu\/pt\/noticias\/escala-de-quilometragem-de-2025-o-que-muda-ou-nao-2\/\" \/>\n<meta property=\"og:site_name\" content=\"SoFLEET\" \/>\n<meta property=\"article:published_time\" content=\"2025-03-04T10:43:38+00:00\" \/>\n<meta property=\"article:modified_time\" content=\"2025-06-19T08:32:43+00:00\" \/>\n<meta property=\"og:image\" content=\"https:\/\/www.sofleet.eu\/wp-content\/uploads\/2025\/03\/2150163673.jpg\" \/>\n\t<meta property=\"og:image:width\" content=\"1000\" \/>\n\t<meta property=\"og:image:height\" content=\"667\" \/>\n\t<meta property=\"og:image:type\" content=\"image\/jpeg\" \/>\n<meta name=\"author\" content=\"Oc\u00e9ane Mourisard\" \/>\n<meta name=\"twitter:card\" content=\"summary_large_image\" \/>\n<meta name=\"twitter:label1\" content=\"Escrito por\" \/>\n\t<meta name=\"twitter:data1\" content=\"Oc\u00e9ane Mourisard\" \/>\n\t<meta name=\"twitter:label2\" content=\"Tempo estimado de leitura\" \/>\n\t<meta name=\"twitter:data2\" content=\"3 minutos\" \/>\n<script type=\"application\/ld+json\" class=\"yoast-schema-graph\">{\"@context\":\"https:\/\/schema.org\",\"@graph\":[{\"@type\":\"Article\",\"@id\":\"https:\/\/www.sofleet.eu\/actualite\/bareme-kilometrique-2025-ce-qui-change-ou-pas\/#article\",\"isPartOf\":{\"@id\":\"https:\/\/www.sofleet.eu\/actualite\/bareme-kilometrique-2025-ce-qui-change-ou-pas\/\"},\"author\":{\"name\":\"Oc\u00e9ane Mourisard\",\"@id\":\"https:\/\/www.sofleet.eu\/#\/schema\/person\/f910c9edeabf6b0d03c5836c163e470b\"},\"headline\":\"Bar\u00e8me kilom\u00e9trique 2025 : ce qui change (ou pas) !\",\"datePublished\":\"2025-03-04T10:43:38+00:00\",\"dateModified\":\"2025-06-19T08:32:43+00:00\",\"mainEntityOfPage\":{\"@id\":\"https:\/\/www.sofleet.eu\/actualite\/bareme-kilometrique-2025-ce-qui-change-ou-pas\/\"},\"wordCount\":495,\"commentCount\":0,\"publisher\":{\"@id\":\"https:\/\/www.sofleet.eu\/#organization\"},\"image\":{\"@id\":\"https:\/\/www.sofleet.eu\/actualite\/bareme-kilometrique-2025-ce-qui-change-ou-pas\/#primaryimage\"},\"thumbnailUrl\":\"https:\/\/www.sofleet.eu\/wp-content\/uploads\/2025\/03\/2150163673.jpg\",\"articleSection\":[\"Actualit\u00e9\",\"Gestion de flotte\"],\"inLanguage\":\"pt-PT\",\"potentialAction\":[{\"@type\":\"CommentAction\",\"name\":\"Comment\",\"target\":[\"https:\/\/www.sofleet.eu\/actualite\/bareme-kilometrique-2025-ce-qui-change-ou-pas\/#respond\"]}]},{\"@type\":\"WebPage\",\"@id\":\"https:\/\/www.sofleet.eu\/actualite\/bareme-kilometrique-2025-ce-qui-change-ou-pas\/\",\"url\":\"https:\/\/www.sofleet.eu\/actualite\/bareme-kilometrique-2025-ce-qui-change-ou-pas\/\",\"name\":\"Bar\u00e8me kilom\u00e9trique 2025 : ce qui change (ou pas) !\",\"isPartOf\":{\"@id\":\"https:\/\/www.sofleet.eu\/#website\"},\"primaryImageOfPage\":{\"@id\":\"https:\/\/www.sofleet.eu\/actualite\/bareme-kilometrique-2025-ce-qui-change-ou-pas\/#primaryimage\"},\"image\":{\"@id\":\"https:\/\/www.sofleet.eu\/actualite\/bareme-kilometrique-2025-ce-qui-change-ou-pas\/#primaryimage\"},\"thumbnailUrl\":\"https:\/\/www.sofleet.eu\/wp-content\/uploads\/2025\/03\/2150163673.jpg\",\"datePublished\":\"2025-03-04T10:43:38+00:00\",\"dateModified\":\"2025-06-19T08:32:43+00:00\",\"description\":\"D\u00e9couvrez ce qui change pour le bar\u00e8me kilom\u00e9trique en 2025 et comment les gestionnaires de flotte s'adaptent dans leur m\u00e9tier.\",\"breadcrumb\":{\"@id\":\"https:\/\/www.sofleet.eu\/actualite\/bareme-kilometrique-2025-ce-qui-change-ou-pas\/#breadcrumb\"},\"inLanguage\":\"pt-PT\",\"potentialAction\":[{\"@type\":\"ReadAction\",\"target\":[\"https:\/\/www.sofleet.eu\/actualite\/bareme-kilometrique-2025-ce-qui-change-ou-pas\/\"]}]},{\"@type\":\"ImageObject\",\"inLanguage\":\"pt-PT\",\"@id\":\"https:\/\/www.sofleet.eu\/actualite\/bareme-kilometrique-2025-ce-qui-change-ou-pas\/#primaryimage\",\"url\":\"https:\/\/www.sofleet.eu\/wp-content\/uploads\/2025\/03\/2150163673.jpg\",\"contentUrl\":\"https:\/\/www.sofleet.eu\/wp-content\/uploads\/2025\/03\/2150163673.jpg\",\"width\":1000,\"height\":667,\"caption\":\"bareme kilom\u00e9trique\"},{\"@type\":\"BreadcrumbList\",\"@id\":\"https:\/\/www.sofleet.eu\/actualite\/bareme-kilometrique-2025-ce-qui-change-ou-pas\/#breadcrumb\",\"itemListElement\":[{\"@type\":\"ListItem\",\"position\":1,\"name\":\"Accueil\",\"item\":\"https:\/\/www.sofleet.eu\/\"},{\"@type\":\"ListItem\",\"position\":2,\"name\":\"Actualit\u00e9\",\"item\":\"https:\/\/www.sofleet.eu\/category\/actualite\/\"},{\"@type\":\"ListItem\",\"position\":3,\"name\":\"Bar\u00e8me kilom\u00e9trique 2025 : ce qui change (ou pas) !\"}]},{\"@type\":\"WebSite\",\"@id\":\"https:\/\/www.sofleet.eu\/#website\",\"url\":\"https:\/\/www.sofleet.eu\/\",\"name\":\"SoFLEET\",\"description\":\"\u00c9coconduite &amp; gestion de flotte automobile\",\"publisher\":{\"@id\":\"https:\/\/www.sofleet.eu\/#organization\"},\"potentialAction\":[{\"@type\":\"SearchAction\",\"target\":{\"@type\":\"EntryPoint\",\"urlTemplate\":\"https:\/\/www.sofleet.eu\/?s={search_term_string}\"},\"query-input\":\"required name=search_term_string\"}],\"inLanguage\":\"pt-PT\"},{\"@type\":\"Organization\",\"@id\":\"https:\/\/www.sofleet.eu\/#organization\",\"name\":\"SoFLEET\",\"url\":\"https:\/\/www.sofleet.eu\/\",\"logo\":{\"@type\":\"ImageObject\",\"inLanguage\":\"pt-PT\",\"@id\":\"https:\/\/www.sofleet.eu\/#\/schema\/logo\/image\/\",\"url\":\"https:\/\/www.sofleet.eu\/wp-content\/uploads\/2024\/06\/so-fleet-wpcf_453x200.png\",\"contentUrl\":\"https:\/\/www.sofleet.eu\/wp-content\/uploads\/2024\/06\/so-fleet-wpcf_453x200.png\",\"width\":453,\"height\":200,\"caption\":\"SoFLEET\"},\"image\":{\"@id\":\"https:\/\/www.sofleet.eu\/#\/schema\/logo\/image\/\"}},{\"@type\":\"Person\",\"@id\":\"https:\/\/www.sofleet.eu\/#\/schema\/person\/f910c9edeabf6b0d03c5836c163e470b\",\"name\":\"Oc\u00e9ane Mourisard\",\"image\":{\"@type\":\"ImageObject\",\"inLanguage\":\"pt-PT\",\"@id\":\"https:\/\/www.sofleet.eu\/#\/schema\/person\/image\/\",\"url\":\"https:\/\/secure.gravatar.com\/avatar\/607aa16a37ee56685296c13d21ee1628319dcdb444b4185a8b1297aec89134f7?s=96&d=mm&r=g\",\"contentUrl\":\"https:\/\/secure.gravatar.com\/avatar\/607aa16a37ee56685296c13d21ee1628319dcdb444b4185a8b1297aec89134f7?s=96&d=mm&r=g\",\"caption\":\"Oc\u00e9ane Mourisard\"},\"url\":\"https:\/\/www.sofleet.eu\/pt\/author\/omourisard-sofleet\/\"}]}<\/script>\n<!-- \/ Yoast SEO plugin. -->","yoast_head_json":{"title":"Escala de quilometragem de 2025: o que muda (ou n\u00e3o)!","description":"Descubra o que mudar\u00e1 na escala de quilometragem em 2025 e como os gerentes de frotas est\u00e3o adaptando sua profiss\u00e3o.","robots":{"index":"index","follow":"follow","max-snippet":"max-snippet:-1","max-image-preview":"max-image-preview:large","max-video-preview":"max-video-preview:-1"},"canonical":"https:\/\/www.sofleet.eu\/pt\/noticias\/escala-de-quilometragem-de-2025-o-que-muda-ou-nao-2\/","og_locale":"pt_PT","og_type":"article","og_title":"Bar\u00e8me kilom\u00e9trique 2025 : ce qui change (ou pas) !","og_description":"D\u00e9couvrez ce qui change pour le bar\u00e8me kilom\u00e9trique en 2025 et comment les gestionnaires de flotte s'adaptent dans leur m\u00e9tier.","og_url":"https:\/\/www.sofleet.eu\/pt\/noticias\/escala-de-quilometragem-de-2025-o-que-muda-ou-nao-2\/","og_site_name":"SoFLEET","article_published_time":"2025-03-04T10:43:38+00:00","article_modified_time":"2025-06-19T08:32:43+00:00","og_image":[{"width":1000,"height":667,"url":"https:\/\/www.sofleet.eu\/wp-content\/uploads\/2025\/03\/2150163673.jpg","type":"image\/jpeg"}],"author":"Oc\u00e9ane Mourisard","twitter_card":"summary_large_image","twitter_misc":{"Escrito por":"Oc\u00e9ane Mourisard","Tempo estimado de leitura":"3 minutos"},"schema":{"@context":"https:\/\/schema.org","@graph":[{"@type":"Article","@id":"https:\/\/www.sofleet.eu\/actualite\/bareme-kilometrique-2025-ce-qui-change-ou-pas\/#article","isPartOf":{"@id":"https:\/\/www.sofleet.eu\/actualite\/bareme-kilometrique-2025-ce-qui-change-ou-pas\/"},"author":{"name":"Oc\u00e9ane Mourisard","@id":"https:\/\/www.sofleet.eu\/#\/schema\/person\/f910c9edeabf6b0d03c5836c163e470b"},"headline":"Bar\u00e8me kilom\u00e9trique 2025 : ce qui change (ou pas) !","datePublished":"2025-03-04T10:43:38+00:00","dateModified":"2025-06-19T08:32:43+00:00","mainEntityOfPage":{"@id":"https:\/\/www.sofleet.eu\/actualite\/bareme-kilometrique-2025-ce-qui-change-ou-pas\/"},"wordCount":495,"commentCount":0,"publisher":{"@id":"https:\/\/www.sofleet.eu\/#organization"},"image":{"@id":"https:\/\/www.sofleet.eu\/actualite\/bareme-kilometrique-2025-ce-qui-change-ou-pas\/#primaryimage"},"thumbnailUrl":"https:\/\/www.sofleet.eu\/wp-content\/uploads\/2025\/03\/2150163673.jpg","articleSection":["Actualit\u00e9","Gestion de flotte"],"inLanguage":"pt-PT","potentialAction":[{"@type":"CommentAction","name":"Comment","target":["https:\/\/www.sofleet.eu\/actualite\/bareme-kilometrique-2025-ce-qui-change-ou-pas\/#respond"]}]},{"@type":"WebPage","@id":"https:\/\/www.sofleet.eu\/actualite\/bareme-kilometrique-2025-ce-qui-change-ou-pas\/","url":"https:\/\/www.sofleet.eu\/actualite\/bareme-kilometrique-2025-ce-qui-change-ou-pas\/","name":"Escala de quilometragem de 2025: o que muda (ou n\u00e3o)!","isPartOf":{"@id":"https:\/\/www.sofleet.eu\/#website"},"primaryImageOfPage":{"@id":"https:\/\/www.sofleet.eu\/actualite\/bareme-kilometrique-2025-ce-qui-change-ou-pas\/#primaryimage"},"image":{"@id":"https:\/\/www.sofleet.eu\/actualite\/bareme-kilometrique-2025-ce-qui-change-ou-pas\/#primaryimage"},"thumbnailUrl":"https:\/\/www.sofleet.eu\/wp-content\/uploads\/2025\/03\/2150163673.jpg","datePublished":"2025-03-04T10:43:38+00:00","dateModified":"2025-06-19T08:32:43+00:00","description":"Descubra o que mudar\u00e1 na escala de quilometragem em 2025 e como os gerentes de frotas est\u00e3o adaptando sua profiss\u00e3o.","breadcrumb":{"@id":"https:\/\/www.sofleet.eu\/actualite\/bareme-kilometrique-2025-ce-qui-change-ou-pas\/#breadcrumb"},"inLanguage":"pt-PT","potentialAction":[{"@type":"ReadAction","target":["https:\/\/www.sofleet.eu\/actualite\/bareme-kilometrique-2025-ce-qui-change-ou-pas\/"]}]},{"@type":"ImageObject","inLanguage":"pt-PT","@id":"https:\/\/www.sofleet.eu\/actualite\/bareme-kilometrique-2025-ce-qui-change-ou-pas\/#primaryimage","url":"https:\/\/www.sofleet.eu\/wp-content\/uploads\/2025\/03\/2150163673.jpg","contentUrl":"https:\/\/www.sofleet.eu\/wp-content\/uploads\/2025\/03\/2150163673.jpg","width":1000,"height":667,"caption":"bareme kilom\u00e9trique"},{"@type":"BreadcrumbList","@id":"https:\/\/www.sofleet.eu\/actualite\/bareme-kilometrique-2025-ce-qui-change-ou-pas\/#breadcrumb","itemListElement":[{"@type":"ListItem","position":1,"name":"Accueil","item":"https:\/\/www.sofleet.eu\/"},{"@type":"ListItem","position":2,"name":"Actualit\u00e9","item":"https:\/\/www.sofleet.eu\/category\/actualite\/"},{"@type":"ListItem","position":3,"name":"Bar\u00e8me kilom\u00e9trique 2025 : ce qui change (ou pas) !"}]},{"@type":"WebSite","@id":"https:\/\/www.sofleet.eu\/#website","url":"https:\/\/www.sofleet.eu\/","name":"SoFLEET","description":"Condu\u00e7\u00e3o ecol\u00f3gica e gest\u00e3o de frotas","publisher":{"@id":"https:\/\/www.sofleet.eu\/#organization"},"potentialAction":[{"@type":"SearchAction","target":{"@type":"EntryPoint","urlTemplate":"https:\/\/www.sofleet.eu\/?s={search_term_string}"},"query-input":"required name=search_term_string"}],"inLanguage":"pt-PT"},{"@type":"Organization","@id":"https:\/\/www.sofleet.eu\/#organization","name":"SoFLEET","url":"https:\/\/www.sofleet.eu\/","logo":{"@type":"ImageObject","inLanguage":"pt-PT","@id":"https:\/\/www.sofleet.eu\/#\/schema\/logo\/image\/","url":"https:\/\/www.sofleet.eu\/wp-content\/uploads\/2024\/06\/so-fleet-wpcf_453x200.png","contentUrl":"https:\/\/www.sofleet.eu\/wp-content\/uploads\/2024\/06\/so-fleet-wpcf_453x200.png","width":453,"height":200,"caption":"SoFLEET"},"image":{"@id":"https:\/\/www.sofleet.eu\/#\/schema\/logo\/image\/"}},{"@type":"Person","@id":"https:\/\/www.sofleet.eu\/#\/schema\/person\/f910c9edeabf6b0d03c5836c163e470b","name":"Oceane Mourisard","image":{"@type":"ImageObject","inLanguage":"pt-PT","@id":"https:\/\/www.sofleet.eu\/#\/schema\/person\/image\/","url":"https:\/\/secure.gravatar.com\/avatar\/607aa16a37ee56685296c13d21ee1628319dcdb444b4185a8b1297aec89134f7?s=96&d=mm&r=g","contentUrl":"https:\/\/secure.gravatar.com\/avatar\/607aa16a37ee56685296c13d21ee1628319dcdb444b4185a8b1297aec89134f7?s=96&d=mm&r=g","caption":"Oc\u00e9ane Mourisard"},"url":"https:\/\/www.sofleet.eu\/pt\/author\/omourisard-sofleet\/"}]}},"_links":{"self":[{"href":"https:\/\/www.sofleet.eu\/pt\/wp-json\/wp\/v2\/posts\/4942","targetHints":{"allow":["GET"]}}],"collection":[{"href":"https:\/\/www.sofleet.eu\/pt\/wp-json\/wp\/v2\/posts"}],"about":[{"href":"https:\/\/www.sofleet.eu\/pt\/wp-json\/wp\/v2\/types\/post"}],"author":[{"embeddable":true,"href":"https:\/\/www.sofleet.eu\/pt\/wp-json\/wp\/v2\/users\/4"}],"replies":[{"embeddable":true,"href":"https:\/\/www.sofleet.eu\/pt\/wp-json\/wp\/v2\/comments?post=4942"}],"version-history":[{"count":0,"href":"https:\/\/www.sofleet.eu\/pt\/wp-json\/wp\/v2\/posts\/4942\/revisions"}],"wp:featuredmedia":[{"embeddable":true,"href":"https:\/\/www.sofleet.eu\/pt\/wp-json\/wp\/v2\/media\/4944"}],"wp:attachment":[{"href":"https:\/\/www.sofleet.eu\/pt\/wp-json\/wp\/v2\/media?parent=4942"}],"wp:term":[{"taxonomy":"category","embeddable":true,"href":"https:\/\/www.sofleet.eu\/pt\/wp-json\/wp\/v2\/categories?post=4942"},{"taxonomy":"post_tag","embeddable":true,"href":"https:\/\/www.sofleet.eu\/pt\/wp-json\/wp\/v2\/tags?post=4942"}],"curies":[{"name":"wp","href":"https:\/\/api.w.org\/{rel}","templated":true}]}}