{"id":4974,"date":"2025-03-26T04:04:52","date_gmt":"2025-03-26T14:04:52","guid":{"rendered":"https:\/\/www.sofleet.eu\/?p=4974"},"modified":"2025-06-18T22:46:34","modified_gmt":"2025-06-19T08:46:34","slug":"gestion-trajets-pro-perso","status":"publish","type":"post","link":"https:\/\/www.sofleet.eu\/pt\/geolocalisation\/gestao-de-jornada-pessoal-e-profissional\/","title":{"rendered":"Como simplificar a gest\u00e3o de viagens empresariais\/pessoais?"},"content":{"rendered":"<h2 class=\"wp-block-heading\">Por que \u00e9 essencial distinguir entre jornadas profissionais e pessoais?<\/h2>\n\n\n\n<p>Tanto para as empresas como para os funcion\u00e1rios, <strong>distinguir entre viagens de neg\u00f3cios e viagens pessoais<\/strong> (ou gest\u00e3o de jornadas profissionais\/pessoais) \u00e9 uma obriga\u00e7\u00e3o regulat\u00f3ria, fiscal e social.<\/p>\n\n\n\n<p>De fato, a utiliza\u00e7\u00e3o de um ve\u00edculo profissional para fins pessoais constitui um benef\u00edcio em esp\u00e9cie (AEN) sujeito a contribui\u00e7\u00f5es previdenci\u00e1rias e imposto de renda.<\/p>\n\n\n\n<p>Sem uma gest\u00e3o adequada dessa distin\u00e7\u00e3o, a empresa fica exposta a um ajuste tribut\u00e1rio no caso de uma auditoria da URSSAF ou a uma avalia\u00e7\u00e3o de taxa fixa que \u00e9 desvantajosa para o funcion\u00e1rio.<\/p>\n\n\n\n<figure class=\"wp-block-image size-full has-custom-border\"><img fetchpriority=\"high\" decoding=\"async\" width=\"1000\" height=\"667\" src=\"https:\/\/www.sofleet.eu\/wp-content\/uploads\/2025\/03\/2148384962.jpg\" alt=\"Gest\u00e3o de viagens empresariais\/pessoais para um ve\u00edculo profissional, atribu\u00eddo pelo gestor da frota\" class=\"wp-image-4975\" style=\"border-radius:15px\" srcset=\"https:\/\/www.sofleet.eu\/wp-content\/uploads\/2025\/03\/2148384962.jpg 1000w, https:\/\/www.sofleet.eu\/wp-content\/uploads\/2025\/03\/2148384962-300x200.jpg 300w, https:\/\/www.sofleet.eu\/wp-content\/uploads\/2025\/03\/2148384962-768x512.jpg 768w, https:\/\/www.sofleet.eu\/wp-content\/uploads\/2025\/03\/2148384962-18x12.jpg 18w\" sizes=\"(max-width: 1000px) 100vw, 1000px\" \/><\/figure>\n\n\n\n<h3 class=\"wp-block-heading\">SoFLEET, a ferramenta de refer\u00eancia para gest\u00e3o de viagens empresariais\/pessoais<\/h3>\n\n\n\n<p>Com o SoFLEET, os motoristas t\u00eam um aplicativo m\u00f3vel intuitivo que simplifica a vida di\u00e1ria e <a href=\"https:\/\/www.sofleet.eu\/pt\/geolocalisation\/conformidade-com-o-gdpr-para-veiculos-conectados\/\">garantir a conformidade <\/a>usos.<\/p>\n\n\n\n<p><strong>Veja o que eles podem fazer com apenas alguns cliques:<\/strong><\/p>\n\n\n\n<ul class=\"wp-block-list\">\n<li>Alterne facilmente entre o modo profissional e o pessoal para proteger sua privacidade.<\/li>\n\n\n\n<li>Inicie uma rota para um ponto de interesse no aplicativo.<\/li>\n\n\n\n<li>Relate uma reclama\u00e7\u00e3o instantaneamente para obter suporte r\u00e1pido.<\/li>\n\n\n\n<li>Gerenciar reservas de ve\u00edculos da frota de acordo com a disponibilidade.<\/li>\n<\/ul>\n\n\n\n<p>No modo \u201cpessoal\u201d, a geolocaliza\u00e7\u00e3o do ve\u00edculo profissional \u00e9 desativada, garantindo o respeito pela privacidade e pelas obriga\u00e7\u00f5es do RGPD.<\/p>\n\n\n\n<h3 class=\"wp-block-heading\">Lado do gestor de frota: economia de tempo e conformidade<\/h3>\n\n\n\n<p><strong>A plataforma SoFLEET permite aos administradores:<\/strong><\/p>\n\n\n\n<ul class=\"wp-block-list\">\n<li>Adicione, edite ou exclua usu\u00e1rios.<\/li>\n\n\n\n<li>Gerencie IDs de motoristas e agendamentos de reservas.<\/li>\n\n\n\n<li>Configurar a frota de acordo com as normas internas da empresa ou do servi\u00e7o p\u00fablico territorial.<\/li>\n<\/ul>\n\n\n\n<h3 class=\"wp-block-heading\">Melhor gest\u00e3o dos benef\u00edcios em esp\u00e9cie<\/h3>\n\n\n\n<p>No caso de uso misto (profissional\/pessoal), o SoFLEET ajuda a calcular com precis\u00e3o o benef\u00edcio tribut\u00e1vel em esp\u00e9cie vinculado ao uso pessoal de um ve\u00edculo da empresa.<\/p>\n\n\n\n<h4 class=\"wp-block-heading\"><strong>AEN: uma reforma a ser compreendida at\u00e9 2025<\/strong><\/h4>\n\n\n\n<p>Desde a atualiza\u00e7\u00e3o do Boletim Oficial da Previd\u00eancia Social (BOSS) em mar\u00e7o de 2025, um esclarecimento importante foi feito:<\/p>\n\n\n\n<p>As novas taxas fixas para AEN se aplicam n\u00e3o apenas \u00e0s novas atribui\u00e7\u00f5es de ve\u00edculos, mas tamb\u00e9m \u00e0s reatribui\u00e7\u00f5es, desde que tenham ocorrido em ou ap\u00f3s 1\u00ba de fevereiro de 2025.<\/p>\n\n\n\n<p>Isto significa que, mesmo que um ve\u00edculo j\u00e1 esteja em circula\u00e7\u00e3o h\u00e1 v\u00e1rios anos, a transfer\u00eancia para um novo funcion\u00e1rio desencadeia a aplica\u00e7\u00e3o do <a href=\"https:\/\/www.urssaf.fr\/accueil\/employeur\/beneficier-exonerations\/frais-professionnels.html\">novo regime AEN<\/a>, mais rigoroso em certos casos.<\/p>\n\n\n\n<p><strong>Especificidade: ve\u00edculos el\u00e9tricos e eco-score<\/strong><\/p>\n\n\n\n<p>A URSSAF tamb\u00e9m especifica que um ve\u00edculo el\u00e9trico que n\u00e3o seja eleg\u00edvel para a redu\u00e7\u00e3o da AEN no momento em que for disponibilizado n\u00e3o poder\u00e1 se beneficiar retroativamente dessa redu\u00e7\u00e3o, mesmo que posteriormente obtenha uma pontua\u00e7\u00e3o ecol\u00f3gica favor\u00e1vel.<\/p>\n\n\n\n<p>Com o SoFLEET, \u00e9 poss\u00edvel manter um hist\u00f3rico de disponibilidade de ve\u00edculos para cada funcion\u00e1rio, o que evita qualquer confus\u00e3o em caso de vistoria.<\/p>\n\n\n\n<p><strong>Coisas a lembrar ao gerenciar jornadas empresariais\/pessoais:<\/strong><\/p>\n\n\n\n<ul class=\"wp-block-list\">\n<li>Para atribui\u00e7\u00f5es anteriores a 1\u00ba de fevereiro de 2025, aplica-se o regime antigo.<\/li>\n\n\n\n<li>A data de aloca\u00e7\u00e3o do ve\u00edculo, definida em acordo entre empregador e empregados, \u00e9 a \u00fanica refer\u00eancia reconhecida.<\/li>\n\n\n\n<li>O SoFLEET permite que voc\u00ea arquive essas datas e antecipe impactos fiscais ao renovar ou trocar de ve\u00edculo.<\/li>\n<\/ul>\n\n\n\n<h4 class=\"wp-block-heading\">Dois m\u00e9todos de declara\u00e7\u00e3o de impostos:<\/h4>\n\n\n\n<ol class=\"wp-block-list\">\n<li><strong>Taxa fixa <\/strong>: um valor fixo com base no custo do ve\u00edculo.<\/li>\n\n\n\n<li><strong>Na realidade <\/strong>: com base em quil\u00f4metros pessoais percorridos.<\/li>\n<\/ol>\n\n\n\n<p>Neste segundo caso, o SoFLEET torna-se essencial para justificar os quil\u00f3metros profissionais e reduzir a base tribut\u00e1ria.<\/p>\n\n\n\n<p>O monitoramento adequado evita que a administra\u00e7\u00e3o reclassifique determinados per\u00edodos de viagem como viagens de neg\u00f3cios como pessoais, com impacto tribut\u00e1rio como resultado.<\/p>\n\n\n\n<figure class=\"wp-block-image size-full has-custom-border\"><img decoding=\"async\" width=\"1000\" height=\"516\" src=\"https:\/\/www.sofleet.eu\/wp-content\/uploads\/2025\/03\/2148906400.jpg\" alt=\"Gest\u00e3o de viagens empresariais\/pessoais para utiliza\u00e7\u00e3o de viaturas pr\u00f3prias para fins profissionais e gest\u00e3o de despesas\" class=\"wp-image-4976\" style=\"border-radius:15px\" srcset=\"https:\/\/www.sofleet.eu\/wp-content\/uploads\/2025\/03\/2148906400.jpg 1000w, https:\/\/www.sofleet.eu\/wp-content\/uploads\/2025\/03\/2148906400-300x155.jpg 300w, https:\/\/www.sofleet.eu\/wp-content\/uploads\/2025\/03\/2148906400-768x396.jpg 768w, https:\/\/www.sofleet.eu\/wp-content\/uploads\/2025\/03\/2148906400-18x9.jpg 18w\" sizes=\"(max-width: 1000px) 100vw, 1000px\" \/><\/figure>\n\n\n\n<h3 class=\"wp-block-heading\">E para o uso de ve\u00edculos pessoais para fins profissionais?<\/h3>\n\n\n\n<p>Muitos funcion\u00e1rios usam seus ve\u00edculos pessoais para viagens de neg\u00f3cios. O SoFLEET tamb\u00e9m permite que essas viagens sejam rastreadas e registradas, facilitando o c\u00e1lculo de franquias de quilometragem e a conformidade com as tabelas de impostos.<\/p>\n\n\n\n<p><strong>SoFLEET \u00e9 a solu\u00e7\u00e3o ideal para:<\/strong><\/p>\n\n\n\n<ul class=\"wp-block-list\">\n<li>Simplifique a gest\u00e3o di\u00e1ria dos ve\u00edculos da frota<\/li>\n\n\n\n<li>Distinguir claramente entre usos profissionais e pessoais<\/li>\n\n\n\n<li>Protegendo a privacidade dos funcion\u00e1rios<\/li>\n\n\n\n<li>Otimizar a tributa\u00e7\u00e3o dos benef\u00edcios em esp\u00e9cie<\/li>\n\n\n\n<li>Cumprir as obriga\u00e7\u00f5es legais e as regras de transpar\u00eancia<\/li>\n<\/ul>\n\n\n\n<p><\/p>\n\n\n\n<p><strong>Quer saber mais sobre gerenciamento de viagens e geolocaliza\u00e7\u00e3o de ve\u00edculos profissionais?<\/strong> Entre em contato com nossas equipes ou experimente o SoFLEET gratuitamente hoje mesmo!<\/p>","protected":false},"excerpt":{"rendered":"<p>Por que \u00e9 essencial distinguir entre jornadas profissionais e pessoais? Tanto para empresas quanto para funcion\u00e1rios, distinguir entre viagens de neg\u00f3cios e viagens pessoais (ou gerenciar viagens de neg\u00f3cios\/pessoais) \u00e9 uma obriga\u00e7\u00e3o regulat\u00f3ria, fiscal e social. Na verdade, a utiliza\u00e7\u00e3o de um ve\u00edculo profissional para fins pessoais constitui um benef\u00edcio em esp\u00e9cie (BIN) [\u2026]<\/p>","protected":false},"author":4,"featured_media":4975,"comment_status":"open","ping_status":"open","sticky":false,"template":"","format":"standard","meta":{"_acf_changed":false,"_eb_attr":"","footnotes":""},"categories":[5,25],"tags":[],"class_list":["post-4974","post","type-post","status-publish","format-standard","has-post-thumbnail","hentry","category-actualite","category-geolocalisation"],"acf":[],"yoast_head":"<!-- This site is optimized with the Yoast SEO plugin v23.1 - https:\/\/yoast.com\/wordpress\/plugins\/seo\/ -->\n<title>Gestion des trajets pro\/perso pour les v\u00e9hicules d&#039;entreprise<\/title>\n<meta name=\"description\" content=\"D\u00e9couvrez comment simplifier la gestion des trajets pro\/perso avec SoFLEET et sa g\u00e9olocalisation de v\u00e9hicules professionnels.\" \/>\n<meta name=\"robots\" content=\"index, follow, max-snippet:-1, max-image-preview:large, max-video-preview:-1\" \/>\n<link rel=\"canonical\" href=\"https:\/\/www.sofleet.eu\/pt\/geolocalisation\/gestao-de-jornada-pessoal-e-profissional\/\" \/>\n<meta property=\"og:locale\" content=\"pt_PT\" \/>\n<meta property=\"og:type\" content=\"article\" \/>\n<meta property=\"og:title\" content=\"Gestion des trajets pro\/perso pour les v\u00e9hicules d&#039;entreprise\" \/>\n<meta property=\"og:description\" content=\"D\u00e9couvrez comment simplifier la gestion des trajets pro\/perso avec SoFLEET et sa g\u00e9olocalisation de v\u00e9hicules professionnels.\" \/>\n<meta property=\"og:url\" content=\"https:\/\/www.sofleet.eu\/pt\/geolocalisation\/gestao-de-jornada-pessoal-e-profissional\/\" \/>\n<meta property=\"og:site_name\" content=\"SoFLEET\" \/>\n<meta property=\"article:published_time\" content=\"2025-03-26T14:04:52+00:00\" \/>\n<meta property=\"article:modified_time\" content=\"2025-06-19T08:46:34+00:00\" \/>\n<meta property=\"og:image\" content=\"https:\/\/www.sofleet.eu\/wp-content\/uploads\/2025\/03\/2148384962.jpg\" \/>\n\t<meta property=\"og:image:width\" content=\"1000\" \/>\n\t<meta property=\"og:image:height\" content=\"667\" \/>\n\t<meta property=\"og:image:type\" content=\"image\/jpeg\" \/>\n<meta name=\"author\" content=\"Oc\u00e9ane Mourisard\" \/>\n<meta name=\"twitter:card\" content=\"summary_large_image\" \/>\n<meta name=\"twitter:label1\" content=\"Escrito por\" \/>\n\t<meta name=\"twitter:data1\" content=\"Oc\u00e9ane Mourisard\" \/>\n\t<meta name=\"twitter:label2\" content=\"Tempo estimado de leitura\" \/>\n\t<meta name=\"twitter:data2\" content=\"4 minutos\" \/>\n<script type=\"application\/ld+json\" class=\"yoast-schema-graph\">{\"@context\":\"https:\/\/schema.org\",\"@graph\":[{\"@type\":\"Article\",\"@id\":\"https:\/\/www.sofleet.eu\/geolocalisation\/gestion-trajets-pro-perso\/#article\",\"isPartOf\":{\"@id\":\"https:\/\/www.sofleet.eu\/geolocalisation\/gestion-trajets-pro-perso\/\"},\"author\":{\"name\":\"Oc\u00e9ane Mourisard\",\"@id\":\"https:\/\/www.sofleet.eu\/#\/schema\/person\/f910c9edeabf6b0d03c5836c163e470b\"},\"headline\":\"Comment simplifier la gestion des trajets pro\/perso ?\",\"datePublished\":\"2025-03-26T14:04:52+00:00\",\"dateModified\":\"2025-06-19T08:46:34+00:00\",\"mainEntityOfPage\":{\"@id\":\"https:\/\/www.sofleet.eu\/geolocalisation\/gestion-trajets-pro-perso\/\"},\"wordCount\":762,\"commentCount\":0,\"publisher\":{\"@id\":\"https:\/\/www.sofleet.eu\/#organization\"},\"image\":{\"@id\":\"https:\/\/www.sofleet.eu\/geolocalisation\/gestion-trajets-pro-perso\/#primaryimage\"},\"thumbnailUrl\":\"https:\/\/www.sofleet.eu\/wp-content\/uploads\/2025\/03\/2148384962.jpg\",\"articleSection\":[\"Actualit\u00e9\",\"G\u00e9olocalisation\"],\"inLanguage\":\"pt-PT\",\"potentialAction\":[{\"@type\":\"CommentAction\",\"name\":\"Comment\",\"target\":[\"https:\/\/www.sofleet.eu\/geolocalisation\/gestion-trajets-pro-perso\/#respond\"]}]},{\"@type\":\"WebPage\",\"@id\":\"https:\/\/www.sofleet.eu\/geolocalisation\/gestion-trajets-pro-perso\/\",\"url\":\"https:\/\/www.sofleet.eu\/geolocalisation\/gestion-trajets-pro-perso\/\",\"name\":\"Gestion des trajets pro\/perso pour les v\u00e9hicules d'entreprise\",\"isPartOf\":{\"@id\":\"https:\/\/www.sofleet.eu\/#website\"},\"primaryImageOfPage\":{\"@id\":\"https:\/\/www.sofleet.eu\/geolocalisation\/gestion-trajets-pro-perso\/#primaryimage\"},\"image\":{\"@id\":\"https:\/\/www.sofleet.eu\/geolocalisation\/gestion-trajets-pro-perso\/#primaryimage\"},\"thumbnailUrl\":\"https:\/\/www.sofleet.eu\/wp-content\/uploads\/2025\/03\/2148384962.jpg\",\"datePublished\":\"2025-03-26T14:04:52+00:00\",\"dateModified\":\"2025-06-19T08:46:34+00:00\",\"description\":\"D\u00e9couvrez comment simplifier la gestion des trajets pro\/perso avec SoFLEET et sa g\u00e9olocalisation de v\u00e9hicules professionnels.\",\"breadcrumb\":{\"@id\":\"https:\/\/www.sofleet.eu\/geolocalisation\/gestion-trajets-pro-perso\/#breadcrumb\"},\"inLanguage\":\"pt-PT\",\"potentialAction\":[{\"@type\":\"ReadAction\",\"target\":[\"https:\/\/www.sofleet.eu\/geolocalisation\/gestion-trajets-pro-perso\/\"]}]},{\"@type\":\"ImageObject\",\"inLanguage\":\"pt-PT\",\"@id\":\"https:\/\/www.sofleet.eu\/geolocalisation\/gestion-trajets-pro-perso\/#primaryimage\",\"url\":\"https:\/\/www.sofleet.eu\/wp-content\/uploads\/2025\/03\/2148384962.jpg\",\"contentUrl\":\"https:\/\/www.sofleet.eu\/wp-content\/uploads\/2025\/03\/2148384962.jpg\",\"width\":1000,\"height\":667,\"caption\":\"g\u00e9olocalisation trajet perso\"},{\"@type\":\"BreadcrumbList\",\"@id\":\"https:\/\/www.sofleet.eu\/geolocalisation\/gestion-trajets-pro-perso\/#breadcrumb\",\"itemListElement\":[{\"@type\":\"ListItem\",\"position\":1,\"name\":\"Accueil\",\"item\":\"https:\/\/www.sofleet.eu\/\"},{\"@type\":\"ListItem\",\"position\":2,\"name\":\"G\u00e9olocalisation\",\"item\":\"https:\/\/www.sofleet.eu\/pt\/category\/geolocalisation\/\"},{\"@type\":\"ListItem\",\"position\":3,\"name\":\"Comment simplifier la gestion des trajets pro\/perso ?\"}]},{\"@type\":\"WebSite\",\"@id\":\"https:\/\/www.sofleet.eu\/#website\",\"url\":\"https:\/\/www.sofleet.eu\/\",\"name\":\"SoFLEET\",\"description\":\"\u00c9coconduite &amp; gestion de flotte automobile\",\"publisher\":{\"@id\":\"https:\/\/www.sofleet.eu\/#organization\"},\"potentialAction\":[{\"@type\":\"SearchAction\",\"target\":{\"@type\":\"EntryPoint\",\"urlTemplate\":\"https:\/\/www.sofleet.eu\/?s={search_term_string}\"},\"query-input\":\"required name=search_term_string\"}],\"inLanguage\":\"pt-PT\"},{\"@type\":\"Organization\",\"@id\":\"https:\/\/www.sofleet.eu\/#organization\",\"name\":\"SoFLEET\",\"url\":\"https:\/\/www.sofleet.eu\/\",\"logo\":{\"@type\":\"ImageObject\",\"inLanguage\":\"pt-PT\",\"@id\":\"https:\/\/www.sofleet.eu\/#\/schema\/logo\/image\/\",\"url\":\"https:\/\/www.sofleet.eu\/wp-content\/uploads\/2024\/06\/so-fleet-wpcf_453x200.png\",\"contentUrl\":\"https:\/\/www.sofleet.eu\/wp-content\/uploads\/2024\/06\/so-fleet-wpcf_453x200.png\",\"width\":453,\"height\":200,\"caption\":\"SoFLEET\"},\"image\":{\"@id\":\"https:\/\/www.sofleet.eu\/#\/schema\/logo\/image\/\"}},{\"@type\":\"Person\",\"@id\":\"https:\/\/www.sofleet.eu\/#\/schema\/person\/f910c9edeabf6b0d03c5836c163e470b\",\"name\":\"Oc\u00e9ane Mourisard\",\"image\":{\"@type\":\"ImageObject\",\"inLanguage\":\"pt-PT\",\"@id\":\"https:\/\/www.sofleet.eu\/#\/schema\/person\/image\/\",\"url\":\"https:\/\/secure.gravatar.com\/avatar\/607aa16a37ee56685296c13d21ee1628319dcdb444b4185a8b1297aec89134f7?s=96&d=mm&r=g\",\"contentUrl\":\"https:\/\/secure.gravatar.com\/avatar\/607aa16a37ee56685296c13d21ee1628319dcdb444b4185a8b1297aec89134f7?s=96&d=mm&r=g\",\"caption\":\"Oc\u00e9ane Mourisard\"},\"url\":\"https:\/\/www.sofleet.eu\/pt\/author\/omourisard-sofleet\/\"}]}<\/script>\n<!-- \/ Yoast SEO plugin. -->","yoast_head_json":{"title":"Gest\u00e3o de viagens empresariais\/pessoais para ve\u00edculos da empresa","description":"Descubra como simplificar o gerenciamento de viagens empresariais\/pessoais com o SoFLEET e sua geolocaliza\u00e7\u00e3o de ve\u00edculos profissionais.","robots":{"index":"index","follow":"follow","max-snippet":"max-snippet:-1","max-image-preview":"max-image-preview:large","max-video-preview":"max-video-preview:-1"},"canonical":"https:\/\/www.sofleet.eu\/pt\/geolocalisation\/gestao-de-jornada-pessoal-e-profissional\/","og_locale":"pt_PT","og_type":"article","og_title":"Gestion des trajets pro\/perso pour les v\u00e9hicules d'entreprise","og_description":"D\u00e9couvrez comment simplifier la gestion des trajets pro\/perso avec SoFLEET et sa g\u00e9olocalisation de v\u00e9hicules professionnels.","og_url":"https:\/\/www.sofleet.eu\/pt\/geolocalisation\/gestao-de-jornada-pessoal-e-profissional\/","og_site_name":"SoFLEET","article_published_time":"2025-03-26T14:04:52+00:00","article_modified_time":"2025-06-19T08:46:34+00:00","og_image":[{"width":1000,"height":667,"url":"https:\/\/www.sofleet.eu\/wp-content\/uploads\/2025\/03\/2148384962.jpg","type":"image\/jpeg"}],"author":"Oc\u00e9ane Mourisard","twitter_card":"summary_large_image","twitter_misc":{"Escrito por":"Oc\u00e9ane Mourisard","Tempo estimado de leitura":"4 minutos"},"schema":{"@context":"https:\/\/schema.org","@graph":[{"@type":"Article","@id":"https:\/\/www.sofleet.eu\/geolocalisation\/gestion-trajets-pro-perso\/#article","isPartOf":{"@id":"https:\/\/www.sofleet.eu\/geolocalisation\/gestion-trajets-pro-perso\/"},"author":{"name":"Oc\u00e9ane Mourisard","@id":"https:\/\/www.sofleet.eu\/#\/schema\/person\/f910c9edeabf6b0d03c5836c163e470b"},"headline":"Comment simplifier la gestion des trajets pro\/perso ?","datePublished":"2025-03-26T14:04:52+00:00","dateModified":"2025-06-19T08:46:34+00:00","mainEntityOfPage":{"@id":"https:\/\/www.sofleet.eu\/geolocalisation\/gestion-trajets-pro-perso\/"},"wordCount":762,"commentCount":0,"publisher":{"@id":"https:\/\/www.sofleet.eu\/#organization"},"image":{"@id":"https:\/\/www.sofleet.eu\/geolocalisation\/gestion-trajets-pro-perso\/#primaryimage"},"thumbnailUrl":"https:\/\/www.sofleet.eu\/wp-content\/uploads\/2025\/03\/2148384962.jpg","articleSection":["Actualit\u00e9","G\u00e9olocalisation"],"inLanguage":"pt-PT","potentialAction":[{"@type":"CommentAction","name":"Comment","target":["https:\/\/www.sofleet.eu\/geolocalisation\/gestion-trajets-pro-perso\/#respond"]}]},{"@type":"WebPage","@id":"https:\/\/www.sofleet.eu\/geolocalisation\/gestion-trajets-pro-perso\/","url":"https:\/\/www.sofleet.eu\/geolocalisation\/gestion-trajets-pro-perso\/","name":"Gest\u00e3o de viagens empresariais\/pessoais para ve\u00edculos da empresa","isPartOf":{"@id":"https:\/\/www.sofleet.eu\/#website"},"primaryImageOfPage":{"@id":"https:\/\/www.sofleet.eu\/geolocalisation\/gestion-trajets-pro-perso\/#primaryimage"},"image":{"@id":"https:\/\/www.sofleet.eu\/geolocalisation\/gestion-trajets-pro-perso\/#primaryimage"},"thumbnailUrl":"https:\/\/www.sofleet.eu\/wp-content\/uploads\/2025\/03\/2148384962.jpg","datePublished":"2025-03-26T14:04:52+00:00","dateModified":"2025-06-19T08:46:34+00:00","description":"Descubra como simplificar o gerenciamento de viagens empresariais\/pessoais com o SoFLEET e sua geolocaliza\u00e7\u00e3o de ve\u00edculos profissionais.","breadcrumb":{"@id":"https:\/\/www.sofleet.eu\/geolocalisation\/gestion-trajets-pro-perso\/#breadcrumb"},"inLanguage":"pt-PT","potentialAction":[{"@type":"ReadAction","target":["https:\/\/www.sofleet.eu\/geolocalisation\/gestion-trajets-pro-perso\/"]}]},{"@type":"ImageObject","inLanguage":"pt-PT","@id":"https:\/\/www.sofleet.eu\/geolocalisation\/gestion-trajets-pro-perso\/#primaryimage","url":"https:\/\/www.sofleet.eu\/wp-content\/uploads\/2025\/03\/2148384962.jpg","contentUrl":"https:\/\/www.sofleet.eu\/wp-content\/uploads\/2025\/03\/2148384962.jpg","width":1000,"height":667,"caption":"g\u00e9olocalisation trajet perso"},{"@type":"BreadcrumbList","@id":"https:\/\/www.sofleet.eu\/geolocalisation\/gestion-trajets-pro-perso\/#breadcrumb","itemListElement":[{"@type":"ListItem","position":1,"name":"Accueil","item":"https:\/\/www.sofleet.eu\/"},{"@type":"ListItem","position":2,"name":"G\u00e9olocalisation","item":"https:\/\/www.sofleet.eu\/pt\/category\/geolocalisation\/"},{"@type":"ListItem","position":3,"name":"Comment simplifier la gestion des trajets pro\/perso ?"}]},{"@type":"WebSite","@id":"https:\/\/www.sofleet.eu\/#website","url":"https:\/\/www.sofleet.eu\/","name":"SoFLEET","description":"Condu\u00e7\u00e3o ecol\u00f3gica e gest\u00e3o de frotas","publisher":{"@id":"https:\/\/www.sofleet.eu\/#organization"},"potentialAction":[{"@type":"SearchAction","target":{"@type":"EntryPoint","urlTemplate":"https:\/\/www.sofleet.eu\/?s={search_term_string}"},"query-input":"required name=search_term_string"}],"inLanguage":"pt-PT"},{"@type":"Organization","@id":"https:\/\/www.sofleet.eu\/#organization","name":"SoFLEET","url":"https:\/\/www.sofleet.eu\/","logo":{"@type":"ImageObject","inLanguage":"pt-PT","@id":"https:\/\/www.sofleet.eu\/#\/schema\/logo\/image\/","url":"https:\/\/www.sofleet.eu\/wp-content\/uploads\/2024\/06\/so-fleet-wpcf_453x200.png","contentUrl":"https:\/\/www.sofleet.eu\/wp-content\/uploads\/2024\/06\/so-fleet-wpcf_453x200.png","width":453,"height":200,"caption":"SoFLEET"},"image":{"@id":"https:\/\/www.sofleet.eu\/#\/schema\/logo\/image\/"}},{"@type":"Person","@id":"https:\/\/www.sofleet.eu\/#\/schema\/person\/f910c9edeabf6b0d03c5836c163e470b","name":"Oceane Mourisard","image":{"@type":"ImageObject","inLanguage":"pt-PT","@id":"https:\/\/www.sofleet.eu\/#\/schema\/person\/image\/","url":"https:\/\/secure.gravatar.com\/avatar\/607aa16a37ee56685296c13d21ee1628319dcdb444b4185a8b1297aec89134f7?s=96&d=mm&r=g","contentUrl":"https:\/\/secure.gravatar.com\/avatar\/607aa16a37ee56685296c13d21ee1628319dcdb444b4185a8b1297aec89134f7?s=96&d=mm&r=g","caption":"Oc\u00e9ane Mourisard"},"url":"https:\/\/www.sofleet.eu\/pt\/author\/omourisard-sofleet\/"}]}},"_links":{"self":[{"href":"https:\/\/www.sofleet.eu\/pt\/wp-json\/wp\/v2\/posts\/4974","targetHints":{"allow":["GET"]}}],"collection":[{"href":"https:\/\/www.sofleet.eu\/pt\/wp-json\/wp\/v2\/posts"}],"about":[{"href":"https:\/\/www.sofleet.eu\/pt\/wp-json\/wp\/v2\/types\/post"}],"author":[{"embeddable":true,"href":"https:\/\/www.sofleet.eu\/pt\/wp-json\/wp\/v2\/users\/4"}],"replies":[{"embeddable":true,"href":"https:\/\/www.sofleet.eu\/pt\/wp-json\/wp\/v2\/comments?post=4974"}],"version-history":[{"count":0,"href":"https:\/\/www.sofleet.eu\/pt\/wp-json\/wp\/v2\/posts\/4974\/revisions"}],"wp:featuredmedia":[{"embeddable":true,"href":"https:\/\/www.sofleet.eu\/pt\/wp-json\/wp\/v2\/media\/4975"}],"wp:attachment":[{"href":"https:\/\/www.sofleet.eu\/pt\/wp-json\/wp\/v2\/media?parent=4974"}],"wp:term":[{"taxonomy":"category","embeddable":true,"href":"https:\/\/www.sofleet.eu\/pt\/wp-json\/wp\/v2\/categories?post=4974"},{"taxonomy":"post_tag","embeddable":true,"href":"https:\/\/www.sofleet.eu\/pt\/wp-json\/wp\/v2\/tags?post=4974"}],"curies":[{"name":"wp","href":"https:\/\/api.w.org\/{rel}","templated":true}]}}