{"id":6277,"date":"2026-04-23T22:27:13","date_gmt":"2026-04-24T08:27:13","guid":{"rendered":"https:\/\/www.sofleet.eu\/?p=6277"},"modified":"2026-04-23T22:30:40","modified_gmt":"2026-04-24T08:30:40","slug":"gestion-trajets-pro-perso-calculs-davantage-en-nature","status":"publish","type":"post","link":"https:\/\/www.sofleet.eu\/pt\/gestao-de-frotas\/gerenciamento-do-equilibrio-entre-vida-profissional-e-pessoal-calculos-e-outros-beneficios-em-especie\/","title":{"rendered":"Gerenciando viagens a trabalho\/pessoais: como garantir o c\u00e1lculo correto de seus benef\u00edcios em esp\u00e9cie."},"content":{"rendered":"<p>A reforma de <strong>escalas de benef\u00edcio em esp\u00e9cie <\/strong>A entrada em vigor em 1\u00ba de fevereiro de 2025 trouxe \u00e0 tona um ponto frequentemente subestimado: a qualidade do c\u00e1lculo depende diretamente da qualidade dos dados utilizados.<\/p>\n\n\n\n<p>Em muitas empresas, esses dados, em particular os<strong> quilometragem particular <\/strong>permanecem declarativas. \u00c0s vezes, s\u00e3o estimadas ou reconstru\u00eddas posteriormente, o que limita a confiabilidade do c\u00e1lculo e pode comprometer a conformidade em caso de auditoria.\u00a0<\/p>\n\n\n\n<p>Neste contexto, o <strong>Gest\u00e3o de trajet\u00f3rias profissionais e pessoais <\/strong>Torna-se uma quest\u00e3o de estrutura\u00e7\u00e3o para a gest\u00e3o de frotas.\u00a0<\/p>\n\n\n\n<h2 class=\"wp-block-heading\"><strong>Uma quest\u00e3o fundamental: justificar o uso efetivo do ve\u00edculo.<\/strong>&nbsp;<\/h2>\n\n\n\n<p>Para aplicar o m\u00e9todo de despesas reais, a empresa deve ser capaz de demonstrar a propor\u00e7\u00e3o de uso pessoal do ve\u00edculo.&nbsp;<\/p>\n\n\n\n<p><strong>Isso implica ser capaz de justificar:\u00a0<\/strong><\/p>\n\n\n\n<ul class=\"wp-block-list\">\n<li>o n\u00famero de quil\u00f4metros percorridos para fins profissionais\u00a0<\/li>\n\n\n\n<li>o n\u00famero de quil\u00f4metros percorridos por motivos pessoais\u00a0<\/li>\n\n\n\n<li>a distribui\u00e7\u00e3o entre esses dois usos\u00a0<\/li>\n<\/ul>\n\n\n\n<p>Sem esses elementos, recorrer ao m\u00e9todo de tarifa fixa muitas vezes se torna a \u00fanica op\u00e7\u00e3o. E, em caso de auditoria, o<strong>For\u00e7a A\u00e9rea da URSS<\/strong> Pode-se reclassificar um c\u00e1lculo baseado em custos reais como uma taxa fixa, com consequ\u00eancias financeiras significativas.<\/p>\n\n\n\n<p>A quest\u00e3o, portanto, n\u00e3o \u00e9 mais simplesmente calcular o benef\u00edcio em esp\u00e9cie, mas ser capaz de justific\u00e1-lo de forma confi\u00e1vel.<\/p>\n\n\n\n<h3 class=\"wp-block-heading\"><strong>\u00c9 preciso encontrar um equil\u00edbrio, respeitando a privacidade.<\/strong><\/h3>\n\n\n\n<p>A coleta de dados de viagens levanta naturalmente quest\u00f5es relacionadas \u00e0 privacidade dos funcion\u00e1rios.&nbsp;<\/p>\n\n\n\n<p>O quadro regulamentar exige a observ\u00e2ncia de v\u00e1rios princ\u00edpios: informar os funcion\u00e1rios, limitar o acesso aos dados e regular a sua utiliza\u00e7\u00e3o. Na pr\u00e1tica, um sistema de monitoriza\u00e7\u00e3o deve distinguir entre a utiliza\u00e7\u00e3o profissional e a pessoal, sem implementar vigil\u00e2ncia cont\u00ednua.&nbsp;<\/p>\n\n\n\n<p>\u00c9 aqui que se p\u00f5e o equil\u00edbrio entre o cumprimento das normas regulamentares e a efici\u00eancia operacional.&nbsp;<\/p>\n\n\n\n<h3 class=\"wp-block-heading\"><strong>Telem\u00e1tica como resposta operacional<\/strong>&nbsp;<\/h3>\n\n\n\n<p>O <strong>solu\u00e7\u00f5es de gerenciamento de frotas conectadas<\/strong> Elas oferecem uma solu\u00e7\u00e3o concreta para esse problema. Permitem a coleta autom\u00e1tica dos dados necess\u00e1rios para o c\u00e1lculo do benef\u00edcio em esp\u00e9cie, ao mesmo tempo que estruturam sua utiliza\u00e7\u00e3o.\u00a0<\/p>\n\n\n\n<p>Uma solu\u00e7\u00e3o como o SoFLEET baseia-se numa opera\u00e7\u00e3o simples: o ve\u00edculo \u00e9 equipado com um dispositivo para registar as viagens, enquanto uma aplica\u00e7\u00e3o permite ao condutor qualificar as suas viagens.&nbsp;<\/p>\n\n\n\n<p><strong>Dois modos de uso coexistem.\u00a0<\/strong><\/p>\n\n\n\n<p><a href=\"https:\/\/www.sofleet.eu\/pt\/suas-necessidades-2\/geolocalizacao-2\/\">No modo pessoal, a geolocaliza\u00e7\u00e3o \u00e9 desativada para proteger a privacidade do funcion\u00e1rio.<\/a>No entanto, o sistema continua a registar a quilometragem total, o que permite calcular a propor\u00e7\u00e3o de utiliza\u00e7\u00e3o privada sem rastrear as viagens.<\/p>\n\n\n\n<p>No modo profissional, as viagens s\u00e3o gravadas e podem ser categorizadas diretamente pelo motorista. O motorista tamb\u00e9m pode corrigir uma viagem, se necess\u00e1rio, garantindo a consist\u00eancia dos dados ao longo do tempo.<\/p>\n\n\n\n<h3 class=\"wp-block-heading\"><strong>Benef\u00edcios tang\u00edveis para a empresa<\/strong><\/h3>\n\n\n\n<p><strong>Automatizar a distin\u00e7\u00e3o entre jornadas profissionais e pessoais traz benef\u00edcios imediatos.<\/strong><\/p>\n\n\n\n<p>Do ponto de vista fiscal e social, permite a utiliza\u00e7\u00e3o do <strong>m\u00e9todo dos custos reais<\/strong> Com um n\u00edvel de seguran\u00e7a mais elevado. Os dados s\u00e3o rastre\u00e1veis e podem ser apresentados em caso de auditoria.<\/p>\n\n\n\n<p>Do ponto de vista administrativo, a centraliza\u00e7\u00e3o da informa\u00e7\u00e3o limita os erros de entrada de dados e facilita a prepara\u00e7\u00e3o dos elementos necess\u00e1rios para a folha de pagamento e o DSN (N\u00famero de Seguran\u00e7a Social).&nbsp;<\/p>\n\n\n\n<p>Do ponto de vista organizacional, oferece uma <a href=\"https:\/\/www.sofleet.eu\/pt\/a-plataforma-2\/\">melhor visibilidade do uso real dos ve\u00edculos<\/a>Isso permite que os gestores identifiquem mais facilmente as discrep\u00e2ncias entre o uso pretendido e o uso observado.\u00a0<\/p>\n\n\n\n<h3 class=\"wp-block-heading\"><strong>Al\u00e9m da conformidade: uma ferramenta de gest\u00e3o<\/strong>&nbsp;<\/h3>\n\n\n\n<p>A <strong>Gerenciando jornadas profissionais\/pessoais<\/strong> N\u00e3o se limita a uma obriga\u00e7\u00e3o regulamentar. Constitui tamb\u00e9m uma <strong>alavanca de dire\u00e7\u00e3o da frota<\/strong>.<\/p>\n\n\n\n<p>Os dados coletados permitem a an\u00e1lise do uso dos ve\u00edculos, identificando situa\u00e7\u00f5es de subutiliza\u00e7\u00e3o ou, inversamente, de alta demanda. Tamb\u00e9m podem subsidiar discuss\u00f5es mais amplas sobre pol\u00edticas de frota ou objetivos de responsabilidade social corporativa.<\/p>\n\n\n\n<p>Em um ambiente onde as regras est\u00e3o em constante evolu\u00e7\u00e3o e os controles est\u00e3o sendo refor\u00e7ados, dispor de dados confi\u00e1veis torna-se um ativo estrutural fundamental para a empresa.<\/p>\n\n\n\n<p>Deseja garantir a confiabilidade dos seus dados de viagem e a seguran\u00e7a dos c\u00e1lculos dos seus benef\u00edcios? Solicite uma demonstra\u00e7\u00e3o do SoFLEET e automatize a gest\u00e3o das suas viagens pessoais e profissionais.<\/p>","protected":false},"excerpt":{"rendered":"<p>A reforma das tabelas de benef\u00edcios em esp\u00e9cie, que entrou em vigor em 1\u00ba de fevereiro de 2025, trouxe \u00e0 tona um ponto frequentemente subestimado: a precis\u00e3o do c\u00e1lculo depende diretamente da qualidade dos dados utilizados. Em muitas empresas, esses dados, principalmente a quilometragem particular, continuam sendo autodeclarados. \u00c0s vezes, s\u00e3o estimados ou reconstru\u00eddos posteriormente, [\u2026]<\/p>","protected":false},"author":4,"featured_media":6285,"comment_status":"open","ping_status":"open","sticky":false,"template":"","format":"standard","meta":{"_acf_changed":false,"_eb_attr":"","footnotes":""},"categories":[23],"tags":[],"class_list":["post-6277","post","type-post","status-publish","format-standard","has-post-thumbnail","hentry","category-gestion-de-flotte"],"acf":[],"yoast_head":"<!-- This site is optimized with the Yoast SEO plugin v23.1 - https:\/\/yoast.com\/wordpress\/plugins\/seo\/ -->\n<title>Gestion trajets pro\/perso : simplifier le calcul de l\u2019AEN<\/title>\n<meta name=\"description\" content=\"Automatisez la distinction entre trajets professionnels et personnels et s\u00e9curisez vos calculs d\u2019avantage en nature avec SoFLEET.\" \/>\n<meta name=\"robots\" content=\"index, follow, max-snippet:-1, max-image-preview:large, max-video-preview:-1\" \/>\n<link rel=\"canonical\" href=\"https:\/\/www.sofleet.eu\/pt\/gestao-de-frotas\/gerenciamento-do-equilibrio-entre-vida-profissional-e-pessoal-calculos-e-outros-beneficios-em-especie\/\" \/>\n<meta property=\"og:locale\" content=\"pt_PT\" \/>\n<meta property=\"og:type\" content=\"article\" \/>\n<meta property=\"og:title\" content=\"Gestion trajets pro\/perso : simplifier le calcul de l\u2019AEN\" \/>\n<meta property=\"og:description\" content=\"Automatisez la distinction entre trajets professionnels et personnels et s\u00e9curisez vos calculs d\u2019avantage en nature avec SoFLEET.\" \/>\n<meta property=\"og:url\" content=\"https:\/\/www.sofleet.eu\/pt\/gestao-de-frotas\/gerenciamento-do-equilibrio-entre-vida-profissional-e-pessoal-calculos-e-outros-beneficios-em-especie\/\" \/>\n<meta property=\"og:site_name\" content=\"SoFLEET\" \/>\n<meta property=\"article:published_time\" content=\"2026-04-24T08:27:13+00:00\" \/>\n<meta property=\"article:modified_time\" content=\"2026-04-24T08:30:40+00:00\" \/>\n<meta property=\"og:image\" content=\"https:\/\/www.sofleet.eu\/wp-content\/uploads\/2026\/04\/14418.jpg\" \/>\n\t<meta property=\"og:image:width\" content=\"1000\" \/>\n\t<meta property=\"og:image:height\" content=\"668\" \/>\n\t<meta property=\"og:image:type\" content=\"image\/jpeg\" \/>\n<meta name=\"author\" content=\"Oc\u00e9ane Mourisard\" \/>\n<meta name=\"twitter:card\" content=\"summary_large_image\" \/>\n<meta name=\"twitter:label1\" content=\"Escrito por\" \/>\n\t<meta name=\"twitter:data1\" content=\"Oc\u00e9ane Mourisard\" \/>\n\t<meta name=\"twitter:label2\" content=\"Tempo estimado de leitura\" \/>\n\t<meta name=\"twitter:data2\" content=\"4 minutos\" \/>\n<script type=\"application\/ld+json\" class=\"yoast-schema-graph\">{\"@context\":\"https:\/\/schema.org\",\"@graph\":[{\"@type\":\"Article\",\"@id\":\"https:\/\/www.sofleet.eu\/gestion-de-flotte\/gestion-trajets-pro-perso-calculs-davantage-en-nature\/#article\",\"isPartOf\":{\"@id\":\"https:\/\/www.sofleet.eu\/gestion-de-flotte\/gestion-trajets-pro-perso-calculs-davantage-en-nature\/\"},\"author\":{\"name\":\"Oc\u00e9ane Mourisard\",\"@id\":\"https:\/\/www.sofleet.eu\/#\/schema\/person\/f910c9edeabf6b0d03c5836c163e470b\"},\"headline\":\"Gestion des trajets pro\/perso : comment s\u00e9curiser vos calculs d\u2019avantage en nature\",\"datePublished\":\"2026-04-24T08:27:13+00:00\",\"dateModified\":\"2026-04-24T08:30:40+00:00\",\"mainEntityOfPage\":{\"@id\":\"https:\/\/www.sofleet.eu\/gestion-de-flotte\/gestion-trajets-pro-perso-calculs-davantage-en-nature\/\"},\"wordCount\":783,\"commentCount\":0,\"publisher\":{\"@id\":\"https:\/\/www.sofleet.eu\/#organization\"},\"image\":{\"@id\":\"https:\/\/www.sofleet.eu\/gestion-de-flotte\/gestion-trajets-pro-perso-calculs-davantage-en-nature\/#primaryimage\"},\"thumbnailUrl\":\"https:\/\/www.sofleet.eu\/wp-content\/uploads\/2026\/04\/14418.jpg\",\"articleSection\":[\"Gestion de flotte\"],\"inLanguage\":\"pt-PT\",\"potentialAction\":[{\"@type\":\"CommentAction\",\"name\":\"Comment\",\"target\":[\"https:\/\/www.sofleet.eu\/gestion-de-flotte\/gestion-trajets-pro-perso-calculs-davantage-en-nature\/#respond\"]}]},{\"@type\":\"WebPage\",\"@id\":\"https:\/\/www.sofleet.eu\/gestion-de-flotte\/gestion-trajets-pro-perso-calculs-davantage-en-nature\/\",\"url\":\"https:\/\/www.sofleet.eu\/gestion-de-flotte\/gestion-trajets-pro-perso-calculs-davantage-en-nature\/\",\"name\":\"Gestion trajets pro\/perso : simplifier le calcul de l\u2019AEN\",\"isPartOf\":{\"@id\":\"https:\/\/www.sofleet.eu\/#website\"},\"primaryImageOfPage\":{\"@id\":\"https:\/\/www.sofleet.eu\/gestion-de-flotte\/gestion-trajets-pro-perso-calculs-davantage-en-nature\/#primaryimage\"},\"image\":{\"@id\":\"https:\/\/www.sofleet.eu\/gestion-de-flotte\/gestion-trajets-pro-perso-calculs-davantage-en-nature\/#primaryimage\"},\"thumbnailUrl\":\"https:\/\/www.sofleet.eu\/wp-content\/uploads\/2026\/04\/14418.jpg\",\"datePublished\":\"2026-04-24T08:27:13+00:00\",\"dateModified\":\"2026-04-24T08:30:40+00:00\",\"description\":\"Automatisez la distinction entre trajets professionnels et personnels et s\u00e9curisez vos calculs d\u2019avantage en nature avec SoFLEET.\",\"breadcrumb\":{\"@id\":\"https:\/\/www.sofleet.eu\/gestion-de-flotte\/gestion-trajets-pro-perso-calculs-davantage-en-nature\/#breadcrumb\"},\"inLanguage\":\"pt-PT\",\"potentialAction\":[{\"@type\":\"ReadAction\",\"target\":[\"https:\/\/www.sofleet.eu\/gestion-de-flotte\/gestion-trajets-pro-perso-calculs-davantage-en-nature\/\"]}]},{\"@type\":\"ImageObject\",\"inLanguage\":\"pt-PT\",\"@id\":\"https:\/\/www.sofleet.eu\/gestion-de-flotte\/gestion-trajets-pro-perso-calculs-davantage-en-nature\/#primaryimage\",\"url\":\"https:\/\/www.sofleet.eu\/wp-content\/uploads\/2026\/04\/14418.jpg\",\"contentUrl\":\"https:\/\/www.sofleet.eu\/wp-content\/uploads\/2026\/04\/14418.jpg\",\"width\":1000,\"height\":668,\"caption\":\"trajets pro\"},{\"@type\":\"BreadcrumbList\",\"@id\":\"https:\/\/www.sofleet.eu\/gestion-de-flotte\/gestion-trajets-pro-perso-calculs-davantage-en-nature\/#breadcrumb\",\"itemListElement\":[{\"@type\":\"ListItem\",\"position\":1,\"name\":\"Accueil\",\"item\":\"https:\/\/www.sofleet.eu\/\"},{\"@type\":\"ListItem\",\"position\":2,\"name\":\"Gestion de flotte\",\"item\":\"https:\/\/www.sofleet.eu\/category\/gestion-de-flotte\/\"},{\"@type\":\"ListItem\",\"position\":3,\"name\":\"Gestion des trajets pro\/perso : comment s\u00e9curiser vos calculs d\u2019avantage en nature\"}]},{\"@type\":\"WebSite\",\"@id\":\"https:\/\/www.sofleet.eu\/#website\",\"url\":\"https:\/\/www.sofleet.eu\/\",\"name\":\"SoFLEET\",\"description\":\"\u00c9coconduite &amp; gestion de flotte automobile\",\"publisher\":{\"@id\":\"https:\/\/www.sofleet.eu\/#organization\"},\"potentialAction\":[{\"@type\":\"SearchAction\",\"target\":{\"@type\":\"EntryPoint\",\"urlTemplate\":\"https:\/\/www.sofleet.eu\/?s={search_term_string}\"},\"query-input\":\"required name=search_term_string\"}],\"inLanguage\":\"pt-PT\"},{\"@type\":\"Organization\",\"@id\":\"https:\/\/www.sofleet.eu\/#organization\",\"name\":\"SoFLEET\",\"url\":\"https:\/\/www.sofleet.eu\/\",\"logo\":{\"@type\":\"ImageObject\",\"inLanguage\":\"pt-PT\",\"@id\":\"https:\/\/www.sofleet.eu\/#\/schema\/logo\/image\/\",\"url\":\"https:\/\/www.sofleet.eu\/wp-content\/uploads\/2024\/06\/so-fleet-wpcf_453x200.png\",\"contentUrl\":\"https:\/\/www.sofleet.eu\/wp-content\/uploads\/2024\/06\/so-fleet-wpcf_453x200.png\",\"width\":453,\"height\":200,\"caption\":\"SoFLEET\"},\"image\":{\"@id\":\"https:\/\/www.sofleet.eu\/#\/schema\/logo\/image\/\"}},{\"@type\":\"Person\",\"@id\":\"https:\/\/www.sofleet.eu\/#\/schema\/person\/f910c9edeabf6b0d03c5836c163e470b\",\"name\":\"Oc\u00e9ane Mourisard\",\"image\":{\"@type\":\"ImageObject\",\"inLanguage\":\"pt-PT\",\"@id\":\"https:\/\/www.sofleet.eu\/#\/schema\/person\/image\/\",\"url\":\"https:\/\/secure.gravatar.com\/avatar\/607aa16a37ee56685296c13d21ee1628319dcdb444b4185a8b1297aec89134f7?s=96&d=mm&r=g\",\"contentUrl\":\"https:\/\/secure.gravatar.com\/avatar\/607aa16a37ee56685296c13d21ee1628319dcdb444b4185a8b1297aec89134f7?s=96&d=mm&r=g\",\"caption\":\"Oc\u00e9ane Mourisard\"},\"url\":\"https:\/\/www.sofleet.eu\/pt\/author\/omourisard-sofleet\/\"}]}<\/script>\n<!-- \/ Yoast SEO plugin. -->","yoast_head_json":{"title":"Gest\u00e3o de viagens a trabalho\/pessoais: simplificando o c\u00e1lculo do AEN","description":"Automatize a distin\u00e7\u00e3o entre viagens de neg\u00f3cios e pessoais e garanta seus c\u00e1lculos de benef\u00edcios em esp\u00e9cie com o SoFLEET.","robots":{"index":"index","follow":"follow","max-snippet":"max-snippet:-1","max-image-preview":"max-image-preview:large","max-video-preview":"max-video-preview:-1"},"canonical":"https:\/\/www.sofleet.eu\/pt\/gestao-de-frotas\/gerenciamento-do-equilibrio-entre-vida-profissional-e-pessoal-calculos-e-outros-beneficios-em-especie\/","og_locale":"pt_PT","og_type":"article","og_title":"Gestion trajets pro\/perso : simplifier le calcul de l\u2019AEN","og_description":"Automatisez la distinction entre trajets professionnels et personnels et s\u00e9curisez vos calculs d\u2019avantage en nature avec SoFLEET.","og_url":"https:\/\/www.sofleet.eu\/pt\/gestao-de-frotas\/gerenciamento-do-equilibrio-entre-vida-profissional-e-pessoal-calculos-e-outros-beneficios-em-especie\/","og_site_name":"SoFLEET","article_published_time":"2026-04-24T08:27:13+00:00","article_modified_time":"2026-04-24T08:30:40+00:00","og_image":[{"width":1000,"height":668,"url":"https:\/\/www.sofleet.eu\/wp-content\/uploads\/2026\/04\/14418.jpg","type":"image\/jpeg"}],"author":"Oc\u00e9ane Mourisard","twitter_card":"summary_large_image","twitter_misc":{"Escrito por":"Oc\u00e9ane Mourisard","Tempo estimado de leitura":"4 minutos"},"schema":{"@context":"https:\/\/schema.org","@graph":[{"@type":"Article","@id":"https:\/\/www.sofleet.eu\/gestion-de-flotte\/gestion-trajets-pro-perso-calculs-davantage-en-nature\/#article","isPartOf":{"@id":"https:\/\/www.sofleet.eu\/gestion-de-flotte\/gestion-trajets-pro-perso-calculs-davantage-en-nature\/"},"author":{"name":"Oc\u00e9ane Mourisard","@id":"https:\/\/www.sofleet.eu\/#\/schema\/person\/f910c9edeabf6b0d03c5836c163e470b"},"headline":"Gestion des trajets pro\/perso : comment s\u00e9curiser vos calculs d\u2019avantage en nature","datePublished":"2026-04-24T08:27:13+00:00","dateModified":"2026-04-24T08:30:40+00:00","mainEntityOfPage":{"@id":"https:\/\/www.sofleet.eu\/gestion-de-flotte\/gestion-trajets-pro-perso-calculs-davantage-en-nature\/"},"wordCount":783,"commentCount":0,"publisher":{"@id":"https:\/\/www.sofleet.eu\/#organization"},"image":{"@id":"https:\/\/www.sofleet.eu\/gestion-de-flotte\/gestion-trajets-pro-perso-calculs-davantage-en-nature\/#primaryimage"},"thumbnailUrl":"https:\/\/www.sofleet.eu\/wp-content\/uploads\/2026\/04\/14418.jpg","articleSection":["Gestion de flotte"],"inLanguage":"pt-PT","potentialAction":[{"@type":"CommentAction","name":"Comment","target":["https:\/\/www.sofleet.eu\/gestion-de-flotte\/gestion-trajets-pro-perso-calculs-davantage-en-nature\/#respond"]}]},{"@type":"WebPage","@id":"https:\/\/www.sofleet.eu\/gestion-de-flotte\/gestion-trajets-pro-perso-calculs-davantage-en-nature\/","url":"https:\/\/www.sofleet.eu\/gestion-de-flotte\/gestion-trajets-pro-perso-calculs-davantage-en-nature\/","name":"Gest\u00e3o de viagens a trabalho\/pessoais: simplificando o c\u00e1lculo do AEN","isPartOf":{"@id":"https:\/\/www.sofleet.eu\/#website"},"primaryImageOfPage":{"@id":"https:\/\/www.sofleet.eu\/gestion-de-flotte\/gestion-trajets-pro-perso-calculs-davantage-en-nature\/#primaryimage"},"image":{"@id":"https:\/\/www.sofleet.eu\/gestion-de-flotte\/gestion-trajets-pro-perso-calculs-davantage-en-nature\/#primaryimage"},"thumbnailUrl":"https:\/\/www.sofleet.eu\/wp-content\/uploads\/2026\/04\/14418.jpg","datePublished":"2026-04-24T08:27:13+00:00","dateModified":"2026-04-24T08:30:40+00:00","description":"Automatize a distin\u00e7\u00e3o entre viagens de neg\u00f3cios e pessoais e garanta seus c\u00e1lculos de benef\u00edcios em esp\u00e9cie com o SoFLEET.","breadcrumb":{"@id":"https:\/\/www.sofleet.eu\/gestion-de-flotte\/gestion-trajets-pro-perso-calculs-davantage-en-nature\/#breadcrumb"},"inLanguage":"pt-PT","potentialAction":[{"@type":"ReadAction","target":["https:\/\/www.sofleet.eu\/gestion-de-flotte\/gestion-trajets-pro-perso-calculs-davantage-en-nature\/"]}]},{"@type":"ImageObject","inLanguage":"pt-PT","@id":"https:\/\/www.sofleet.eu\/gestion-de-flotte\/gestion-trajets-pro-perso-calculs-davantage-en-nature\/#primaryimage","url":"https:\/\/www.sofleet.eu\/wp-content\/uploads\/2026\/04\/14418.jpg","contentUrl":"https:\/\/www.sofleet.eu\/wp-content\/uploads\/2026\/04\/14418.jpg","width":1000,"height":668,"caption":"trajets pro"},{"@type":"BreadcrumbList","@id":"https:\/\/www.sofleet.eu\/gestion-de-flotte\/gestion-trajets-pro-perso-calculs-davantage-en-nature\/#breadcrumb","itemListElement":[{"@type":"ListItem","position":1,"name":"Accueil","item":"https:\/\/www.sofleet.eu\/"},{"@type":"ListItem","position":2,"name":"Gestion de flotte","item":"https:\/\/www.sofleet.eu\/category\/gestion-de-flotte\/"},{"@type":"ListItem","position":3,"name":"Gestion des trajets pro\/perso : comment s\u00e9curiser vos calculs d\u2019avantage en nature"}]},{"@type":"WebSite","@id":"https:\/\/www.sofleet.eu\/#website","url":"https:\/\/www.sofleet.eu\/","name":"SoFLEET","description":"Condu\u00e7\u00e3o ecol\u00f3gica e gest\u00e3o de frotas","publisher":{"@id":"https:\/\/www.sofleet.eu\/#organization"},"potentialAction":[{"@type":"SearchAction","target":{"@type":"EntryPoint","urlTemplate":"https:\/\/www.sofleet.eu\/?s={search_term_string}"},"query-input":"required name=search_term_string"}],"inLanguage":"pt-PT"},{"@type":"Organization","@id":"https:\/\/www.sofleet.eu\/#organization","name":"SoFLEET","url":"https:\/\/www.sofleet.eu\/","logo":{"@type":"ImageObject","inLanguage":"pt-PT","@id":"https:\/\/www.sofleet.eu\/#\/schema\/logo\/image\/","url":"https:\/\/www.sofleet.eu\/wp-content\/uploads\/2024\/06\/so-fleet-wpcf_453x200.png","contentUrl":"https:\/\/www.sofleet.eu\/wp-content\/uploads\/2024\/06\/so-fleet-wpcf_453x200.png","width":453,"height":200,"caption":"SoFLEET"},"image":{"@id":"https:\/\/www.sofleet.eu\/#\/schema\/logo\/image\/"}},{"@type":"Person","@id":"https:\/\/www.sofleet.eu\/#\/schema\/person\/f910c9edeabf6b0d03c5836c163e470b","name":"Oceane Mourisard","image":{"@type":"ImageObject","inLanguage":"pt-PT","@id":"https:\/\/www.sofleet.eu\/#\/schema\/person\/image\/","url":"https:\/\/secure.gravatar.com\/avatar\/607aa16a37ee56685296c13d21ee1628319dcdb444b4185a8b1297aec89134f7?s=96&d=mm&r=g","contentUrl":"https:\/\/secure.gravatar.com\/avatar\/607aa16a37ee56685296c13d21ee1628319dcdb444b4185a8b1297aec89134f7?s=96&d=mm&r=g","caption":"Oc\u00e9ane Mourisard"},"url":"https:\/\/www.sofleet.eu\/pt\/author\/omourisard-sofleet\/"}]}},"_links":{"self":[{"href":"https:\/\/www.sofleet.eu\/pt\/wp-json\/wp\/v2\/posts\/6277","targetHints":{"allow":["GET"]}}],"collection":[{"href":"https:\/\/www.sofleet.eu\/pt\/wp-json\/wp\/v2\/posts"}],"about":[{"href":"https:\/\/www.sofleet.eu\/pt\/wp-json\/wp\/v2\/types\/post"}],"author":[{"embeddable":true,"href":"https:\/\/www.sofleet.eu\/pt\/wp-json\/wp\/v2\/users\/4"}],"replies":[{"embeddable":true,"href":"https:\/\/www.sofleet.eu\/pt\/wp-json\/wp\/v2\/comments?post=6277"}],"version-history":[{"count":0,"href":"https:\/\/www.sofleet.eu\/pt\/wp-json\/wp\/v2\/posts\/6277\/revisions"}],"wp:featuredmedia":[{"embeddable":true,"href":"https:\/\/www.sofleet.eu\/pt\/wp-json\/wp\/v2\/media\/6285"}],"wp:attachment":[{"href":"https:\/\/www.sofleet.eu\/pt\/wp-json\/wp\/v2\/media?parent=6277"}],"wp:term":[{"taxonomy":"category","embeddable":true,"href":"https:\/\/www.sofleet.eu\/pt\/wp-json\/wp\/v2\/categories?post=6277"},{"taxonomy":"post_tag","embeddable":true,"href":"https:\/\/www.sofleet.eu\/pt\/wp-json\/wp\/v2\/tags?post=6277"}],"curies":[{"name":"wp","href":"https:\/\/api.w.org\/{rel}","templated":true}]}}